{"id":136113,"date":"2025-11-05T12:02:41","date_gmt":"2025-11-05T15:02:41","guid":{"rendered":"https:\/\/onordeste.com.br\/?p=136081"},"modified":"2025-11-05T12:02:41","modified_gmt":"2025-11-05T15:02:41","slug":"ccj-e-favoravel-a-18-materias-legislativas","status":"publish","type":"post","link":"https:\/\/iparaiba.com.br\/index.php\/2025\/11\/05\/ccj-e-favoravel-a-18-materias-legislativas\/","title":{"rendered":"CCJ \u00e9 favor\u00e1vel \u00e0 18 mat\u00e9rias legislativas"},"content":{"rendered":"<p align=\"justify\">A Comiss\u00e3o de Constitui\u00e7\u00e3o, Justi\u00e7a, Reda\u00e7\u00e3o e Legisla\u00e7\u00e3o Participativa (CCJ) foi favor\u00e1vel a <span lang=\"pt-BR\">11 Projetos de Lei Ordin\u00e1ria (PLO), tr\u00eas Projetos de Decreto Legislativo (PDL)\u00a0<\/span><span lang=\"pt-BR\">e um Projeto de Resolu\u00e7\u00e3o (PR)<\/span><span lang=\"pt-BR\">,\u00a0<\/span><span lang=\"pt-BR\">e manteve t<\/span>r\u00eas vetos do Executivo Municipal. Ainda, d<span lang=\"pt-BR\">ois PLOs receberam pedido de vista e sete foram rejeitados.<\/span><\/p>\n<p align=\"justify\">Entre as mat\u00e9rias com parecer favor\u00e1vel aprovado, destaque para: o PLO\u00a0<a href=\"https:\/\/sapl.joaopessoa.pb.leg.br\/materia\/pesquisar-materia?tipo=1&amp;ementa=&amp;numero=369&amp;numeracao__numero_materia=&amp;numero_protocolo=&amp;ano=2025&amp;autoria__autor=&amp;autoria__primeiro_autor\" target=\"_blank\" rel=\"noopener\" data-saferedirecturl=\"https:\/\/www.google.com\/url?q=https:\/\/sapl.joaopessoa.pb.leg.br\/materia\/pesquisar-materia?tipo%3D1%26ementa%3D%26numero%3D369%26numeracao__numero_materia%3D%26numero_protocolo%3D%26ano%3D2025%26autoria__autor%3D%26autoria__primeiro_autor&amp;source=gmail&amp;ust=1762441084537000&amp;usg=AOvVaw0ciIl2y_d7hd8NHIvx7DNU\">369\/2025<\/a>, de Marcos Vin\u00edcius (PDT), que determina que os estudantes com diagn\u00f3stico de Transtorno do Espectro Autista (TEA), matriculados na Educa\u00e7\u00e3o Infantil e no Ensino Fundamental da Rede Municipal de Ensino, ficam autorizadas a utilizar em seus uniformes escolares o s\u00edmbolo mundial de conscientiza\u00e7\u00e3o do TEA, a ser inserido diretamente pela m\u00e3e, pai ou respons\u00e1vel legal; o PLO\u00a0<a href=\"https:\/\/sapl.joaopessoa.pb.leg.br\/materia\/pesquisar-materia?tipo=1&amp;ementa=&amp;numero=383&amp;numeracao__numero_materia=&amp;numero_protocolo=&amp;ano=2025&amp;autoria__autor=&amp;autoria__primeiro_autor=unknown&amp;autoria__autor__tipo=&amp;autoria__autor__parlamentar_set__filiacao__partido=&amp;o=&amp;tipo_listagem=1&amp;tipo_origem_externa=&amp;numero_origem_externa=&amp;ano_origem_externa=&amp;data_origem_externa_0=&amp;data_origem_externa_1=&amp;local_origem_externa=&amp;data_apresentacao_0=&amp;data_apresentacao_1=&amp;data_publicacao_0=&amp;data_publicacao_1=&amp;relatoria__parlamentar_id=&amp;em_tramitacao=&amp;tramitacao__unidade_tramitacao_destino=&amp;tramitacao__status=&amp;materiaassunto__assunto=&amp;indexacao=&amp;regime_tramitacao=&amp;salvar=Pesquisar\" target=\"_blank\" rel=\"noopener\" data-saferedirecturl=\"https:\/\/www.google.com\/url?q=https:\/\/sapl.joaopessoa.pb.leg.br\/materia\/pesquisar-materia?tipo%3D1%26ementa%3D%26numero%3D383%26numeracao__numero_materia%3D%26numero_protocolo%3D%26ano%3D2025%26autoria__autor%3D%26autoria__primeiro_autor%3Dunknown%26autoria__autor__tipo%3D%26autoria__autor__parlamentar_set__filiacao__partido%3D%26o%3D%26tipo_listagem%3D1%26tipo_origem_externa%3D%26numero_origem_externa%3D%26ano_origem_externa%3D%26data_origem_externa_0%3D%26data_origem_externa_1%3D%26local_origem_externa%3D%26data_apresentacao_0%3D%26data_apresentacao_1%3D%26data_publicacao_0%3D%26data_publicacao_1%3D%26relatoria__parlamentar_id%3D%26em_tramitacao%3D%26tramitacao__unidade_tramitacao_destino%3D%26tramitacao__status%3D%26materiaassunto__assunto%3D%26indexacao%3D%26regime_tramitacao%3D%26salvar%3DPesquisar&amp;source=gmail&amp;ust=1762441084538000&amp;usg=AOvVaw3lxrNwGiWeNauvm-8hQ0nz\">383\/2025<\/a>, de Jailma Carvalho (PSB), que concede isen\u00e7\u00e3o da taxa de inscri\u00e7\u00e3o para a participa\u00e7\u00e3o em eventos de corrida de rua, realizados em Jo\u00e3o Pessoa, a corredores que comprovem ser doadores regulares de sangue; o PLO\u00a0<a href=\"https:\/\/sapl.joaopessoa.pb.leg.br\/materia\/pesquisar-materia?tipo=1&amp;ementa=&amp;numero=533&amp;numeracao__numero_materia=&amp;numero_protocolo=&amp;ano=2025&amp;autoria__autor=&amp;autoria__primeiro_autor=unknown&amp;autoria__autor__tipo=&amp;autoria__autor__parlamentar_set__filiacao__partido=&amp;o=&amp;tipo_listagem=1&amp;tipo_origem_externa=&amp;numero_origem_externa=&amp;ano_origem_externa=&amp;data_origem_externa_0=&amp;data_origem_externa_1=&amp;local_origem_externa=&amp;data_apresentacao_0=&amp;data_apresentacao_1=&amp;data_publicacao_0=&amp;data_publicacao_1=&amp;relatoria__parlamentar_id=&amp;em_tramitacao=&amp;tramitacao__unidade_tramitacao_destino=&amp;tramitacao__status=&amp;materiaassunto__assunto=&amp;indexacao=&amp;regime_tramitacao=&amp;salvar=Pesquisar\" target=\"_blank\" rel=\"noopener\" data-saferedirecturl=\"https:\/\/www.google.com\/url?q=https:\/\/sapl.joaopessoa.pb.leg.br\/materia\/pesquisar-materia?tipo%3D1%26ementa%3D%26numero%3D533%26numeracao__numero_materia%3D%26numero_protocolo%3D%26ano%3D2025%26autoria__autor%3D%26autoria__primeiro_autor%3Dunknown%26autoria__autor__tipo%3D%26autoria__autor__parlamentar_set__filiacao__partido%3D%26o%3D%26tipo_listagem%3D1%26tipo_origem_externa%3D%26numero_origem_externa%3D%26ano_origem_externa%3D%26data_origem_externa_0%3D%26data_origem_externa_1%3D%26local_origem_externa%3D%26data_apresentacao_0%3D%26data_apresentacao_1%3D%26data_publicacao_0%3D%26data_publicacao_1%3D%26relatoria__parlamentar_id%3D%26em_tramitacao%3D%26tramitacao__unidade_tramitacao_destino%3D%26tramitacao__status%3D%26materiaassunto__assunto%3D%26indexacao%3D%26regime_tramitacao%3D%26salvar%3DPesquisar&amp;source=gmail&amp;ust=1762441084538000&amp;usg=AOvVaw2bCt7zijOqCW5R6_oA90tv\">533\/2025<\/a>, de F\u00e1bio Carneiro (Solidariedade), que institui o Programa Municipal de Vigil\u00e2ncia Ambiental e Sa\u00fade (PMVAS), com o objetivo de monitorar, avaliar e divulgar informa\u00e7\u00f5es sobre indicadores ambientais que impactam diretamente a sa\u00fade da popula\u00e7\u00e3o, especialmente nas regi\u00f5es mais vulner\u00e1veis.<\/p>\n<p align=\"justify\">Tamb\u00e9m foi acatado o PLO\u00a0<a href=\"https:\/\/sapl.joaopessoa.pb.leg.br\/materia\/pesquisar-materia?tipo=1&amp;ementa=&amp;numero=2362&amp;numeracao__numero_materia=&amp;numero_protocolo=&amp;ano=2024&amp;autoria__autor=&amp;autoria__primeiro_autor=unknown&amp;autoria__autor__tipo=&amp;autoria__autor__parlamentar_set__filiacao__partido=&amp;o=&amp;tipo_listagem=1&amp;tipo_origem_externa=&amp;numero_origem_externa=&amp;ano_origem_externa=&amp;data_origem_externa_0=&amp;data_origem_externa_1=&amp;local_origem_externa=&amp;data_apresentacao_0=&amp;data_apresentacao_1=&amp;data_publicacao_0=&amp;data_publicacao_1=&amp;relatoria__parlamentar_id=&amp;em_tramitacao=&amp;tramitacao__unidade_tramitacao_destino=&amp;tramitacao__status=&amp;materiaassunto__assunto=&amp;indexacao=&amp;regime_tramitacao=&amp;salvar=Pesquisar\" target=\"_blank\" rel=\"noopener\" data-saferedirecturl=\"https:\/\/www.google.com\/url?q=https:\/\/sapl.joaopessoa.pb.leg.br\/materia\/pesquisar-materia?tipo%3D1%26ementa%3D%26numero%3D2362%26numeracao__numero_materia%3D%26numero_protocolo%3D%26ano%3D2024%26autoria__autor%3D%26autoria__primeiro_autor%3Dunknown%26autoria__autor__tipo%3D%26autoria__autor__parlamentar_set__filiacao__partido%3D%26o%3D%26tipo_listagem%3D1%26tipo_origem_externa%3D%26numero_origem_externa%3D%26ano_origem_externa%3D%26data_origem_externa_0%3D%26data_origem_externa_1%3D%26local_origem_externa%3D%26data_apresentacao_0%3D%26data_apresentacao_1%3D%26data_publicacao_0%3D%26data_publicacao_1%3D%26relatoria__parlamentar_id%3D%26em_tramitacao%3D%26tramitacao__unidade_tramitacao_destino%3D%26tramitacao__status%3D%26materiaassunto__assunto%3D%26indexacao%3D%26regime_tramitacao%3D%26salvar%3DPesquisar&amp;source=gmail&amp;ust=1762441084538000&amp;usg=AOvVaw1q-RmVCW0uhH5DEq5ScEpp\">2362\/2024<\/a>, do Executivo Municipal, altera a Lei 15.104\/2024, que cria a Unidade Gestora dos Programas de Mobilidade e Desenvolvimento Urbano Integrado e Sustent\u00e1vel do Munic\u00edpio de Jo\u00e3o Pessoa (UGP), para determinar que o coordenador geral dessa unidade ser\u00e1 o principal interlocutor da Prefeitura Municipal com a Ag\u00eancia Espanhola de Coopera\u00e7\u00e3o Internacional para o Desenvolvimento (AECID) e a Ag\u00eancia Francesa de Desenvolvimento (AFD). A norma ainda atribui como atividades do coordenador geral planejar, acompanhar, avaliar a execu\u00e7\u00e3o e ordenar despesas das a\u00e7\u00f5es e atividades definidas no \u00e2mbito dos programas e aprovar e homologar as licita\u00e7\u00f5es referentes a aquisi\u00e7\u00f5es de bens e servi\u00e7os de interesse da UGP.<\/p>\n<p align=\"justify\">Ainda foram acatados dois Projetos de Decreto Legislativo (PDL): o PDL\u00a0<a href=\"https:\/\/sapl.joaopessoa.pb.leg.br\/materia\/pesquisar-materia?tipo=6&amp;ementa=&amp;numero=84&amp;numeracao__numero_materia=&amp;numero_protocolo=&amp;ano=2025&amp;autoria__autor=&amp;autoria__primeiro_autor=unknown&amp;autoria__autor__tipo=&amp;autoria__autor__parlamentar_set__filiacao__partido=&amp;o=&amp;tipo_listagem=1&amp;tipo_origem_externa=&amp;numero_origem_externa=&amp;ano_origem_externa=&amp;data_origem_externa_0=&amp;data_origem_externa_1=&amp;local_origem_externa=&amp;data_apresentacao_0=&amp;data_apresentacao_1=&amp;data_publicacao_0=&amp;data_publicacao_1=&amp;relatoria__parlamentar_id=&amp;em_tramitacao=&amp;tramitacao__unidade_tramitacao_destino=&amp;tramitacao__status=&amp;materiaassunto__assunto=&amp;indexacao=&amp;regime_tramitacao=&amp;salvar=Pesquisar\" target=\"_blank\" rel=\"noopener\" data-saferedirecturl=\"https:\/\/www.google.com\/url?q=https:\/\/sapl.joaopessoa.pb.leg.br\/materia\/pesquisar-materia?tipo%3D6%26ementa%3D%26numero%3D84%26numeracao__numero_materia%3D%26numero_protocolo%3D%26ano%3D2025%26autoria__autor%3D%26autoria__primeiro_autor%3Dunknown%26autoria__autor__tipo%3D%26autoria__autor__parlamentar_set__filiacao__partido%3D%26o%3D%26tipo_listagem%3D1%26tipo_origem_externa%3D%26numero_origem_externa%3D%26ano_origem_externa%3D%26data_origem_externa_0%3D%26data_origem_externa_1%3D%26local_origem_externa%3D%26data_apresentacao_0%3D%26data_apresentacao_1%3D%26data_publicacao_0%3D%26data_publicacao_1%3D%26relatoria__parlamentar_id%3D%26em_tramitacao%3D%26tramitacao__unidade_tramitacao_destino%3D%26tramitacao__status%3D%26materiaassunto__assunto%3D%26indexacao%3D%26regime_tramitacao%3D%26salvar%3DPesquisar&amp;source=gmail&amp;ust=1762441084538000&amp;usg=AOvVaw2mx4pQ95NA9bdVfipDJ3l_\">84\/2025<\/a>, de Marcos Henriques (PT), concede a Comenda Cultural Ariano Suassuna ao poeta pessoense Robson Pereira Teixeira, mais conhecido como Robson Jampa; e o PDL\u00a0<a href=\"https:\/\/sapl.joaopessoa.pb.leg.br\/materia\/pesquisar-materia?tipo=6&amp;ementa=&amp;numero=92&amp;numeracao__numero_materia=&amp;numero_protocolo=&amp;ano=2025&amp;autoria__autor=&amp;autoria__primeiro_autor=unknown&amp;autoria__autor__tipo=&amp;autoria__autor__parlamentar_set__filiacao__partido=&amp;o=&amp;tipo_listagem=1&amp;tipo_origem_externa=&amp;numero_origem_externa=&amp;ano_origem_externa=&amp;data_origem_externa_0=&amp;data_origem_externa_1=&amp;local_origem_externa=&amp;data_apresentacao_0=&amp;data_apresentacao_1=&amp;data_publicacao_0=&amp;data_publicacao_1=&amp;relatoria__parlamentar_id=&amp;em_tramitacao=&amp;tramitacao__unidade_tramitacao_destino=&amp;tramitacao__status=&amp;materiaassunto__assunto=&amp;indexacao=&amp;regime_tramitacao=&amp;salvar=Pesquisar\" target=\"_blank\" rel=\"noopener\" data-saferedirecturl=\"https:\/\/www.google.com\/url?q=https:\/\/sapl.joaopessoa.pb.leg.br\/materia\/pesquisar-materia?tipo%3D6%26ementa%3D%26numero%3D92%26numeracao__numero_materia%3D%26numero_protocolo%3D%26ano%3D2025%26autoria__autor%3D%26autoria__primeiro_autor%3Dunknown%26autoria__autor__tipo%3D%26autoria__autor__parlamentar_set__filiacao__partido%3D%26o%3D%26tipo_listagem%3D1%26tipo_origem_externa%3D%26numero_origem_externa%3D%26ano_origem_externa%3D%26data_origem_externa_0%3D%26data_origem_externa_1%3D%26local_origem_externa%3D%26data_apresentacao_0%3D%26data_apresentacao_1%3D%26data_publicacao_0%3D%26data_publicacao_1%3D%26relatoria__parlamentar_id%3D%26em_tramitacao%3D%26tramitacao__unidade_tramitacao_destino%3D%26tramitacao__status%3D%26materiaassunto__assunto%3D%26indexacao%3D%26regime_tramitacao%3D%26salvar%3DPesquisar&amp;source=gmail&amp;ust=1762441084538000&amp;usg=AOvVaw1yfo-5_RA8P2FQeO8lv5K4\">92\/2025<\/a>, de Bosquinho (PV), concede a Medalha Cidade de Jo\u00e3o Pessoa ao presidente da Empresa de Promo\u00e7\u00e3o Tur\u00edstica da Para\u00edba (FPBTur), Ferdinando Jos\u00e9 Lucena de Medeiros.<\/p>\n","protected":false},"excerpt":{"rendered":"<p>A Comiss\u00e3o de Constitui\u00e7\u00e3o, Justi\u00e7a, Reda\u00e7\u00e3o e Legisla\u00e7\u00e3o Participativa (CCJ) foi favor\u00e1vel a 11 Projetos de Lei Ordin\u00e1ria (PLO), tr\u00eas Projetos de Decreto Legislativo (PDL)\u00a0e um Projeto de Resolu\u00e7\u00e3o (PR),\u00a0e manteve tr\u00eas vetos do Executivo Municipal. Ainda, dois PLOs receberam pedido de vista e sete foram rejeitados. Entre as mat\u00e9rias com parecer favor\u00e1vel aprovado, destaque &hellip;<\/p>\n","protected":false},"author":1,"featured_media":115192,"comment_status":"open","ping_status":"open","sticky":false,"template":"","format":"standard","meta":{"footnotes":""},"categories":[8],"tags":[],"class_list":["post-136113","post","type-post","status-publish","format-standard","has-post-thumbnail","hentry","category-politica"],"_links":{"self":[{"href":"https:\/\/iparaiba.com.br\/index.php\/wp-json\/wp\/v2\/posts\/136113","targetHints":{"allow":["GET"]}}],"collection":[{"href":"https:\/\/iparaiba.com.br\/index.php\/wp-json\/wp\/v2\/posts"}],"about":[{"href":"https:\/\/iparaiba.com.br\/index.php\/wp-json\/wp\/v2\/types\/post"}],"author":[{"embeddable":true,"href":"https:\/\/iparaiba.com.br\/index.php\/wp-json\/wp\/v2\/users\/1"}],"replies":[{"embeddable":true,"href":"https:\/\/iparaiba.com.br\/index.php\/wp-json\/wp\/v2\/comments?post=136113"}],"version-history":[{"count":0,"href":"https:\/\/iparaiba.com.br\/index.php\/wp-json\/wp\/v2\/posts\/136113\/revisions"}],"wp:featuredmedia":[{"embeddable":true,"href":"https:\/\/iparaiba.com.br\/index.php\/wp-json\/wp\/v2\/media\/115192"}],"wp:attachment":[{"href":"https:\/\/iparaiba.com.br\/index.php\/wp-json\/wp\/v2\/media?parent=136113"}],"wp:term":[{"taxonomy":"category","embeddable":true,"href":"https:\/\/iparaiba.com.br\/index.php\/wp-json\/wp\/v2\/categories?post=136113"},{"taxonomy":"post_tag","embeddable":true,"href":"https:\/\/iparaiba.com.br\/index.php\/wp-json\/wp\/v2\/tags?post=136113"}],"curies":[{"name":"wp","href":"https:\/\/api.w.org\/{rel}","templated":true}]}}