{"id":136112,"date":"2025-11-05T12:01:28","date_gmt":"2025-11-05T15:01:28","guid":{"rendered":"https:\/\/onordeste.com.br\/?p=136079"},"modified":"2025-11-05T12:01:28","modified_gmt":"2025-11-05T15:01:28","slug":"alpb-aprova-politica-de-incentivo-a-empresas-na-producao-de-creditos-de-carbono","status":"publish","type":"post","link":"https:\/\/iparaiba.com.br\/index.php\/2025\/11\/05\/alpb-aprova-politica-de-incentivo-a-empresas-na-producao-de-creditos-de-carbono\/","title":{"rendered":"ALPB aprova pol\u00edtica de incentivo a empresas na produ\u00e7\u00e3o de cr\u00e9ditos de carbono"},"content":{"rendered":"<p>A Assembleia Legislativa da Para\u00edba (ALPB) aprovou, por unanimidade, o Projeto de Lei (PL) 4.660\/2025, de autoria do presidente da Casa, deputado Adriano Galdino, que institui a Pol\u00edtica Estadual de Incentivo \u00e0 Produ\u00e7\u00e3o de Cr\u00e9ditos de Carbono. O objetivo da proposta \u00e9 fomentar pr\u00e1ticas sustent\u00e1veis e fortalecer a economia verde, estimulando projetos de redu\u00e7\u00e3o e compensa\u00e7\u00e3o de emiss\u00f5es de Gases de Efeito Estufa (GEE).<\/p>\n<p>O PL apresentado pelo presidente Adriano durante a sess\u00e3o ordin\u00e1ria desta ter\u00e7a-feira (4) prev\u00ea a cria\u00e7\u00e3o de um cadastro estadual de projetos de carbono, a implanta\u00e7\u00e3o de um Fundo de Incentivo \u00e0 Economia Verde e \u00e0 Descarboniza\u00e7\u00e3o, al\u00e9m de linhas de cr\u00e9dito com juros subsidiados e incentivos fiscais para atividades ligadas \u00e0 gera\u00e7\u00e3o certificada de cr\u00e9ditos de carbono.<\/p>\n","protected":false},"excerpt":{"rendered":"<p>A Assembleia Legislativa da Para\u00edba (ALPB) aprovou, por unanimidade, o Projeto de Lei (PL) 4.660\/2025, de autoria do presidente da Casa, deputado Adriano Galdino, que institui a Pol\u00edtica Estadual de Incentivo \u00e0 Produ\u00e7\u00e3o de Cr\u00e9ditos de Carbono. O objetivo da proposta \u00e9 fomentar pr\u00e1ticas sustent\u00e1veis e fortalecer a economia verde, estimulando projetos de redu\u00e7\u00e3o e &hellip;<\/p>\n","protected":false},"author":1,"featured_media":115218,"comment_status":"open","ping_status":"open","sticky":false,"template":"","format":"standard","meta":{"footnotes":""},"categories":[8],"tags":[],"class_list":["post-136112","post","type-post","status-publish","format-standard","has-post-thumbnail","hentry","category-politica"],"_links":{"self":[{"href":"https:\/\/iparaiba.com.br\/index.php\/wp-json\/wp\/v2\/posts\/136112","targetHints":{"allow":["GET"]}}],"collection":[{"href":"https:\/\/iparaiba.com.br\/index.php\/wp-json\/wp\/v2\/posts"}],"about":[{"href":"https:\/\/iparaiba.com.br\/index.php\/wp-json\/wp\/v2\/types\/post"}],"author":[{"embeddable":true,"href":"https:\/\/iparaiba.com.br\/index.php\/wp-json\/wp\/v2\/users\/1"}],"replies":[{"embeddable":true,"href":"https:\/\/iparaiba.com.br\/index.php\/wp-json\/wp\/v2\/comments?post=136112"}],"version-history":[{"count":0,"href":"https:\/\/iparaiba.com.br\/index.php\/wp-json\/wp\/v2\/posts\/136112\/revisions"}],"wp:featuredmedia":[{"embeddable":true,"href":"https:\/\/iparaiba.com.br\/index.php\/wp-json\/wp\/v2\/media\/115218"}],"wp:attachment":[{"href":"https:\/\/iparaiba.com.br\/index.php\/wp-json\/wp\/v2\/media?parent=136112"}],"wp:term":[{"taxonomy":"category","embeddable":true,"href":"https:\/\/iparaiba.com.br\/index.php\/wp-json\/wp\/v2\/categories?post=136112"},{"taxonomy":"post_tag","embeddable":true,"href":"https:\/\/iparaiba.com.br\/index.php\/wp-json\/wp\/v2\/tags?post=136112"}],"curies":[{"name":"wp","href":"https:\/\/api.w.org\/{rel}","templated":true}]}}