{"id":136111,"date":"2025-11-05T12:00:17","date_gmt":"2025-11-05T15:00:17","guid":{"rendered":"https:\/\/onordeste.com.br\/?p=136077"},"modified":"2025-11-05T12:00:17","modified_gmt":"2025-11-05T15:00:17","slug":"alpb-promove-sessao-itinerante","status":"publish","type":"post","link":"https:\/\/iparaiba.com.br\/index.php\/2025\/11\/05\/alpb-promove-sessao-itinerante\/","title":{"rendered":"ALPB promove sess\u00e3o itinerante"},"content":{"rendered":"<p>A Assembleia Legislativa da Para\u00edba (ALPB) realiza, nesta quarta-feira (05), a 10\u00aa Sess\u00e3o Ordin\u00e1ria Itinerante no munic\u00edpio de Cuit\u00e9, no Curimata\u00fa paraibano. Os deputados estar\u00e3o reunidos no Gin\u00e1sio da Escola Vidal de Negreiros, a partir das 18h, \u00a0para ouvir as demandas de prefeitos, vereadores e lideran\u00e7as politicas da regi\u00e3o, assim como, da popula\u00e7\u00e3o, que poder\u00e1 acompanhar a aprova\u00e7\u00e3o de projetos de lei que trar\u00e3o melhorias para a qualidade de vida da popula\u00e7\u00e3o no munic\u00edpio.<\/p>\n<p>Ap\u00f3s passar por cidades como Campina Grande, Patos, Itabaiana, Souza, Cajazeiras, Itaporanga, Pianc\u00f3 e Guarabira, o Poder Legislativo estadual chega ao munic\u00edpio. Para o presidente da Assembleia, deputado Adriano Galdino, as a\u00e7\u00f5es itinerantes da Casa de Epit\u00e1cio Pessoa s\u00e3o oportunas para que os parlamentares possam estar cada vez mais pr\u00f3ximos da popula\u00e7\u00e3o.<\/p>\n","protected":false},"excerpt":{"rendered":"<p>A Assembleia Legislativa da Para\u00edba (ALPB) realiza, nesta quarta-feira (05), a 10\u00aa Sess\u00e3o Ordin\u00e1ria Itinerante no munic\u00edpio de Cuit\u00e9, no Curimata\u00fa paraibano. Os deputados estar\u00e3o reunidos no Gin\u00e1sio da Escola Vidal de Negreiros, a partir das 18h, \u00a0para ouvir as demandas de prefeitos, vereadores e lideran\u00e7as politicas da regi\u00e3o, assim como, da popula\u00e7\u00e3o, que poder\u00e1 &hellip;<\/p>\n","protected":false},"author":1,"featured_media":134147,"comment_status":"open","ping_status":"open","sticky":false,"template":"","format":"standard","meta":{"footnotes":""},"categories":[8],"tags":[],"class_list":["post-136111","post","type-post","status-publish","format-standard","has-post-thumbnail","hentry","category-politica"],"_links":{"self":[{"href":"https:\/\/iparaiba.com.br\/index.php\/wp-json\/wp\/v2\/posts\/136111","targetHints":{"allow":["GET"]}}],"collection":[{"href":"https:\/\/iparaiba.com.br\/index.php\/wp-json\/wp\/v2\/posts"}],"about":[{"href":"https:\/\/iparaiba.com.br\/index.php\/wp-json\/wp\/v2\/types\/post"}],"author":[{"embeddable":true,"href":"https:\/\/iparaiba.com.br\/index.php\/wp-json\/wp\/v2\/users\/1"}],"replies":[{"embeddable":true,"href":"https:\/\/iparaiba.com.br\/index.php\/wp-json\/wp\/v2\/comments?post=136111"}],"version-history":[{"count":0,"href":"https:\/\/iparaiba.com.br\/index.php\/wp-json\/wp\/v2\/posts\/136111\/revisions"}],"wp:featuredmedia":[{"embeddable":true,"href":"https:\/\/iparaiba.com.br\/index.php\/wp-json\/wp\/v2\/media\/134147"}],"wp:attachment":[{"href":"https:\/\/iparaiba.com.br\/index.php\/wp-json\/wp\/v2\/media?parent=136111"}],"wp:term":[{"taxonomy":"category","embeddable":true,"href":"https:\/\/iparaiba.com.br\/index.php\/wp-json\/wp\/v2\/categories?post=136111"},{"taxonomy":"post_tag","embeddable":true,"href":"https:\/\/iparaiba.com.br\/index.php\/wp-json\/wp\/v2\/tags?post=136111"}],"curies":[{"name":"wp","href":"https:\/\/api.w.org\/{rel}","templated":true}]}}