{"id":136105,"date":"2025-11-06T10:10:06","date_gmt":"2025-11-06T13:10:06","guid":{"rendered":"https:\/\/onordeste.com.br\/?p=136095"},"modified":"2025-11-06T10:10:06","modified_gmt":"2025-11-06T13:10:06","slug":"alpb-e-camara-federal-debatem-fortalecimento-da-agricultura-familiar","status":"publish","type":"post","link":"https:\/\/iparaiba.com.br\/index.php\/2025\/11\/06\/alpb-e-camara-federal-debatem-fortalecimento-da-agricultura-familiar\/","title":{"rendered":"ALPB e C\u00e2mara Federal debatem fortalecimento da agricultura familiar"},"content":{"rendered":"<p>A Assembleia Legislativa da Para\u00edba (ALPB) sediou audi\u00eancia p\u00fablica itinerante da Comiss\u00e3o de Direitos Humanos, Minorias e Igualdade Racial da C\u00e2mara Federal, para discutir o fortalecimento da Agricultura Familiar e a promo\u00e7\u00e3o da alimenta\u00e7\u00e3o saud\u00e1vel, no \u00e2mbito do programa Brasil Sem Fome.<\/p>\n<p>O evento, realizado em parceria com a C\u00e2mara Federal, foi comando pela deputada Cida Ramos e o deputado federal, Luiz Couto, e reuniu autoridades, agricultores e representantes de diversas institui\u00e7\u00f5es, com o objetivo de debater pol\u00edticas p\u00fablicas.<\/p>\n<p>A deputada Cida Ramos destacou a import\u00e2ncia da audi\u00eancia. &#8220;A Para\u00edba, assim como outras regi\u00f5es do Brasil, enfrenta desafios significativos em rela\u00e7\u00e3o \u00e0 seguran\u00e7a alimentar. Esta audi\u00eancia foi essencial para discutirmos a agricultura familiar e a alimenta\u00e7\u00e3o saud\u00e1vel, temas interligados que impactam diretamente a nossa popula\u00e7\u00e3o. Abordamos quest\u00f5es cruciais como a produ\u00e7\u00e3o, os locais de cultivo e as condi\u00e7\u00f5es necess\u00e1rias para que nossos agricultores possam prosperar\u201d, ressaltou.<\/p>\n<p>Cida tamb\u00e9m enfatizou a relev\u00e2ncia da presen\u00e7a de diversos \u00f3rg\u00e3os, incluindo o Minist\u00e9rio da Agricultura e Pecu\u00e1ria (MAPA), e a participa\u00e7\u00e3o de prefeitos e representantes do governo estadual. &#8220;\u00c9 gratificante ver o audit\u00f3rio repleto de agricultores, presidentes de associa\u00e7\u00f5es e representantes de outras institui\u00e7\u00f5es. Isso demonstra a import\u00e2ncia dos Objetivos de Desenvolvimento Sustent\u00e1vel (ODS) e a necessidade de trabalharmos juntos por um futuro mais justo\u201d.<\/p>\n","protected":false},"excerpt":{"rendered":"<p>A Assembleia Legislativa da Para\u00edba (ALPB) sediou audi\u00eancia p\u00fablica itinerante da Comiss\u00e3o de Direitos Humanos, Minorias e Igualdade Racial da C\u00e2mara Federal, para discutir o fortalecimento da Agricultura Familiar e a promo\u00e7\u00e3o da alimenta\u00e7\u00e3o saud\u00e1vel, no \u00e2mbito do programa Brasil Sem Fome. O evento, realizado em parceria com a C\u00e2mara Federal, foi comando pela deputada &hellip;<\/p>\n","protected":false},"author":1,"featured_media":97945,"comment_status":"open","ping_status":"open","sticky":false,"template":"","format":"standard","meta":{"footnotes":""},"categories":[3],"tags":[],"class_list":["post-136105","post","type-post","status-publish","format-standard","has-post-thumbnail","hentry","category-nordeste"],"_links":{"self":[{"href":"https:\/\/iparaiba.com.br\/index.php\/wp-json\/wp\/v2\/posts\/136105","targetHints":{"allow":["GET"]}}],"collection":[{"href":"https:\/\/iparaiba.com.br\/index.php\/wp-json\/wp\/v2\/posts"}],"about":[{"href":"https:\/\/iparaiba.com.br\/index.php\/wp-json\/wp\/v2\/types\/post"}],"author":[{"embeddable":true,"href":"https:\/\/iparaiba.com.br\/index.php\/wp-json\/wp\/v2\/users\/1"}],"replies":[{"embeddable":true,"href":"https:\/\/iparaiba.com.br\/index.php\/wp-json\/wp\/v2\/comments?post=136105"}],"version-history":[{"count":1,"href":"https:\/\/iparaiba.com.br\/index.php\/wp-json\/wp\/v2\/posts\/136105\/revisions"}],"predecessor-version":[{"id":136120,"href":"https:\/\/iparaiba.com.br\/index.php\/wp-json\/wp\/v2\/posts\/136105\/revisions\/136120"}],"wp:featuredmedia":[{"embeddable":true,"href":"https:\/\/iparaiba.com.br\/index.php\/wp-json\/wp\/v2\/media\/97945"}],"wp:attachment":[{"href":"https:\/\/iparaiba.com.br\/index.php\/wp-json\/wp\/v2\/media?parent=136105"}],"wp:term":[{"taxonomy":"category","embeddable":true,"href":"https:\/\/iparaiba.com.br\/index.php\/wp-json\/wp\/v2\/categories?post=136105"},{"taxonomy":"post_tag","embeddable":true,"href":"https:\/\/iparaiba.com.br\/index.php\/wp-json\/wp\/v2\/tags?post=136105"}],"curies":[{"name":"wp","href":"https:\/\/api.w.org\/{rel}","templated":true}]}}