{"id":136104,"date":"2025-11-06T08:08:52","date_gmt":"2025-11-06T11:08:52","guid":{"rendered":"https:\/\/onordeste.com.br\/?p=136093"},"modified":"2025-11-06T08:08:52","modified_gmt":"2025-11-06T11:08:52","slug":"oab-manifesta-solidariedade-a-advogada-que-sofreu-ataques-na-cpmi","status":"publish","type":"post","link":"https:\/\/iparaiba.com.br\/index.php\/2025\/11\/06\/oab-manifesta-solidariedade-a-advogada-que-sofreu-ataques-na-cpmi\/","title":{"rendered":"OAB manifesta solidariedade \u00e0 advogada que sofreu ataques na CPMI"},"content":{"rendered":"<p>O presidente nacional da OAB, Beto Simonetti, prestou solidariedade \u00e0 advogada Izabella Borges, copresidente da Uni\u00e3o Nacional das Advogadas Criminalistas e Acad\u00eamicas de Direito (UNAA-SP), em reuni\u00e3o realizada nesta segunda-feira (27\/10), em Bras\u00edlia (DF). A profissional foi atacada na semana passada, durante sess\u00e3o da Comiss\u00e3o Parlamentar Mista de Inqu\u00e9rito (CPMI) do Instituto Nacional do Seguro Social (INSS), no Congresso Nacional, enquanto exercia legitimamente a advocacia.<\/p>\n<p>Simonetti afirmou que o Conselho Federal da OAB repudia qualquer desrespeito \u00e0s prerrogativas da advocacia e continuar\u00e1 atuando firmemente em sua defesa. \u201cA Ordem estar\u00e1 presente para promover todas as a\u00e7\u00f5es necess\u00e1rias \u00e0 garantia do respeito \u00e0s prerrogativas, que n\u00e3o s\u00e3o favor \u2014 s\u00e3o lei, e lei se cumpre. Aos advogados e advogadas de todo o pa\u00eds, reafirmo que n\u00e3o arredaremos um s\u00f3 passo na defesa intransigente das prerrogativas, seja na CPMI, seja em qualquer rinc\u00e3o do Brasil\u201d, declarou.<\/p>\n<p>A OAB acompanha os trabalhos da CPMI do INSS e refor\u00e7ar\u00e1 as provid\u00eancias cab\u00edveis, tanto no campo do di\u00e1logo quanto nas inst\u00e2ncias formais competentes. \u201cEstamos convictos de que o di\u00e1logo institucional entre a OAB e a Comiss\u00e3o contribuir\u00e1 para o fortalecimento da legitimidade dos trabalhos parlamentares, ao mesmo tempo em que reafirmar\u00e1 o compromisso comum com o respeito \u00e0s garantias fundamentais e \u00e0 legalidade democr\u00e1tica\u201d, pontuou.<\/p>\n","protected":false},"excerpt":{"rendered":"<p>O presidente nacional da OAB, Beto Simonetti, prestou solidariedade \u00e0 advogada Izabella Borges, copresidente da Uni\u00e3o Nacional das Advogadas Criminalistas e Acad\u00eamicas de Direito (UNAA-SP), em reuni\u00e3o realizada nesta segunda-feira (27\/10), em Bras\u00edlia (DF). A profissional foi atacada na semana passada, durante sess\u00e3o da Comiss\u00e3o Parlamentar Mista de Inqu\u00e9rito (CPMI) do Instituto Nacional do Seguro &hellip;<\/p>\n","protected":false},"author":1,"featured_media":110370,"comment_status":"open","ping_status":"open","sticky":false,"template":"","format":"standard","meta":{"footnotes":""},"categories":[9],"tags":[],"class_list":["post-136104","post","type-post","status-publish","format-standard","has-post-thumbnail","hentry","category-justica"],"_links":{"self":[{"href":"https:\/\/iparaiba.com.br\/index.php\/wp-json\/wp\/v2\/posts\/136104","targetHints":{"allow":["GET"]}}],"collection":[{"href":"https:\/\/iparaiba.com.br\/index.php\/wp-json\/wp\/v2\/posts"}],"about":[{"href":"https:\/\/iparaiba.com.br\/index.php\/wp-json\/wp\/v2\/types\/post"}],"author":[{"embeddable":true,"href":"https:\/\/iparaiba.com.br\/index.php\/wp-json\/wp\/v2\/users\/1"}],"replies":[{"embeddable":true,"href":"https:\/\/iparaiba.com.br\/index.php\/wp-json\/wp\/v2\/comments?post=136104"}],"version-history":[{"count":1,"href":"https:\/\/iparaiba.com.br\/index.php\/wp-json\/wp\/v2\/posts\/136104\/revisions"}],"predecessor-version":[{"id":136119,"href":"https:\/\/iparaiba.com.br\/index.php\/wp-json\/wp\/v2\/posts\/136104\/revisions\/136119"}],"wp:featuredmedia":[{"embeddable":true,"href":"https:\/\/iparaiba.com.br\/index.php\/wp-json\/wp\/v2\/media\/110370"}],"wp:attachment":[{"href":"https:\/\/iparaiba.com.br\/index.php\/wp-json\/wp\/v2\/media?parent=136104"}],"wp:term":[{"taxonomy":"category","embeddable":true,"href":"https:\/\/iparaiba.com.br\/index.php\/wp-json\/wp\/v2\/categories?post=136104"},{"taxonomy":"post_tag","embeddable":true,"href":"https:\/\/iparaiba.com.br\/index.php\/wp-json\/wp\/v2\/tags?post=136104"}],"curies":[{"name":"wp","href":"https:\/\/api.w.org\/{rel}","templated":true}]}}