{"id":136102,"date":"2025-11-05T18:06:31","date_gmt":"2025-11-05T21:06:31","guid":{"rendered":"https:\/\/onordeste.com.br\/?p=136089"},"modified":"2025-11-05T18:06:31","modified_gmt":"2025-11-05T21:06:31","slug":"oab-nacional-aciona-comissao-de-direitos-humanos-para-acompanhar-situacao-no-rio-de-janeiro","status":"publish","type":"post","link":"https:\/\/iparaiba.com.br\/index.php\/2025\/11\/05\/oab-nacional-aciona-comissao-de-direitos-humanos-para-acompanhar-situacao-no-rio-de-janeiro\/","title":{"rendered":"OAB Nacional aciona Comiss\u00e3o de Direitos Humanos para acompanhar situa\u00e7\u00e3o no Rio de Janeiro"},"content":{"rendered":"<p>Preocupado com a crise de viol\u00eancia no Rio de Janeiro (RJ), o Conselho Federal da OAB determinou o envio da Comiss\u00e3o Nacional de Direitos Humanos ao estado. A medida tem como objetivo acompanhar de perto a situa\u00e7\u00e3o, apoiar a atua\u00e7\u00e3o da OAB-RJ e refor\u00e7ar o compromisso institucional com a defesa das garantias fundamentais.<\/p>\n<p>A iniciativa reafirma o papel da advocacia na promo\u00e7\u00e3o da justi\u00e7a e na prote\u00e7\u00e3o das liberdades civis. A presen\u00e7a da Comiss\u00e3o permitir\u00e1 um acompanhamento t\u00e9cnico dos impactos sociais registrados, al\u00e9m de fomentar o di\u00e1logo com autoridades e representantes da sociedade civil.<\/p>\n<p>A escalada da viol\u00eancia na capital fluminense reacende o debate sobre os rumos da pol\u00edtica de seguran\u00e7a e a import\u00e2ncia de a\u00e7\u00f5es p\u00fablicas pautadas pela legalidade, pelo respeito \u00e0 vida e pelos preceitos constitucionais.<\/p>\n<p>Desta forma, a Ordem acompanhar\u00e1 as provid\u00eancias adotadas pelos \u00f3rg\u00e3os competentes, com especial aten\u00e7\u00e3o \u00e0 garantia dos direitos humanos e \u00e0 atua\u00e7\u00e3o dos mecanismos de controle previstos na legisla\u00e7\u00e3o, bem como \u00e0 necessidade de combate \u00e0s fac\u00e7\u00f5es criminosas, que n\u00e3o podem permanecer dominando territ\u00f3rios, corrompendo os jovens e impedindo o desenvolvimento do pa\u00eds.<\/p>\n","protected":false},"excerpt":{"rendered":"<p>Preocupado com a crise de viol\u00eancia no Rio de Janeiro (RJ), o Conselho Federal da OAB determinou o envio da Comiss\u00e3o Nacional de Direitos Humanos ao estado. A medida tem como objetivo acompanhar de perto a situa\u00e7\u00e3o, apoiar a atua\u00e7\u00e3o da OAB-RJ e refor\u00e7ar o compromisso institucional com a defesa das garantias fundamentais. A iniciativa &hellip;<\/p>\n","protected":false},"author":1,"featured_media":97971,"comment_status":"open","ping_status":"open","sticky":false,"template":"","format":"standard","meta":{"footnotes":""},"categories":[9],"tags":[],"class_list":["post-136102","post","type-post","status-publish","format-standard","has-post-thumbnail","hentry","category-justica"],"_links":{"self":[{"href":"https:\/\/iparaiba.com.br\/index.php\/wp-json\/wp\/v2\/posts\/136102","targetHints":{"allow":["GET"]}}],"collection":[{"href":"https:\/\/iparaiba.com.br\/index.php\/wp-json\/wp\/v2\/posts"}],"about":[{"href":"https:\/\/iparaiba.com.br\/index.php\/wp-json\/wp\/v2\/types\/post"}],"author":[{"embeddable":true,"href":"https:\/\/iparaiba.com.br\/index.php\/wp-json\/wp\/v2\/users\/1"}],"replies":[{"embeddable":true,"href":"https:\/\/iparaiba.com.br\/index.php\/wp-json\/wp\/v2\/comments?post=136102"}],"version-history":[{"count":1,"href":"https:\/\/iparaiba.com.br\/index.php\/wp-json\/wp\/v2\/posts\/136102\/revisions"}],"predecessor-version":[{"id":136117,"href":"https:\/\/iparaiba.com.br\/index.php\/wp-json\/wp\/v2\/posts\/136102\/revisions\/136117"}],"wp:featuredmedia":[{"embeddable":true,"href":"https:\/\/iparaiba.com.br\/index.php\/wp-json\/wp\/v2\/media\/97971"}],"wp:attachment":[{"href":"https:\/\/iparaiba.com.br\/index.php\/wp-json\/wp\/v2\/media?parent=136102"}],"wp:term":[{"taxonomy":"category","embeddable":true,"href":"https:\/\/iparaiba.com.br\/index.php\/wp-json\/wp\/v2\/categories?post=136102"},{"taxonomy":"post_tag","embeddable":true,"href":"https:\/\/iparaiba.com.br\/index.php\/wp-json\/wp\/v2\/tags?post=136102"}],"curies":[{"name":"wp","href":"https:\/\/api.w.org\/{rel}","templated":true}]}}