{"id":136081,"date":"2025-10-06T12:03:21","date_gmt":"2025-10-06T15:03:21","guid":{"rendered":"https:\/\/onordeste.com.br\/?p=136040"},"modified":"2025-10-06T12:03:21","modified_gmt":"2025-10-06T15:03:21","slug":"criancas-neurodivergentes-e-maes-atipicas-tem-direitos-assegurado","status":"publish","type":"post","link":"https:\/\/iparaiba.com.br\/index.php\/2025\/10\/06\/criancas-neurodivergentes-e-maes-atipicas-tem-direitos-assegurado\/","title":{"rendered":"Crian\u00e7as neurodivergentes e m\u00e3es at\u00edpicas t\u00eam direitos assegurado"},"content":{"rendered":"<p>A defesa de crian\u00e7as neurodivergentes e a cria\u00e7\u00e3o da Semana Estadual da M\u00e3e At\u00edpica e do Respons\u00e1vel Legal At\u00edpico agora s\u00e3o leis no Estado da Para\u00edba. Dois projetos de lei aprovados pela Assembleia Legislativa da Para\u00edba (ALPB) foram sancionados pelo governador Jo\u00e3o Azevedo e publicados na edi\u00e7\u00e3o do Di\u00e1rio Oficial do Estado, nesta sexta-feira (3).<\/p>\n<p>A Lei n\u00ba 13.941\/2025, de autoria do deputado Michel Henrique, institui a Pol\u00edtica Estadual de Prote\u00e7\u00e3o de Crian\u00e7as Neurodivergentes Contra a Viol\u00eancia Sexual. O objetivo \u00e9 prevenir, identificar, acolher e encaminhar casos de abuso sexual envolvendo crian\u00e7as com defici\u00eancia intelectual, transtorno do espectro autista (TEA) ou outras condi\u00e7\u00f5es neurodivergentes.<\/p>\n<p>Entre as diretrizes da nova pol\u00edtica est\u00e3o a promo\u00e7\u00e3o de a\u00e7\u00f5es educativas espec\u00edficas, a capacita\u00e7\u00e3o cont\u00ednua de profissionais da sa\u00fade, educa\u00e7\u00e3o, assist\u00eancia social e seguran\u00e7a p\u00fablica, al\u00e9m do fortalecimento da rede de prote\u00e7\u00e3o e den\u00fancia. A lei tamb\u00e9m prev\u00ea a cria\u00e7\u00e3o de protocolos especializados de atendimento e o desenvolvimento de materiais acess\u00edveis e adaptados para a comunica\u00e7\u00e3o com crian\u00e7as neurodivergentes.<\/p>\n","protected":false},"excerpt":{"rendered":"<p>A defesa de crian\u00e7as neurodivergentes e a cria\u00e7\u00e3o da Semana Estadual da M\u00e3e At\u00edpica e do Respons\u00e1vel Legal At\u00edpico agora s\u00e3o leis no Estado da Para\u00edba. Dois projetos de lei aprovados pela Assembleia Legislativa da Para\u00edba (ALPB) foram sancionados pelo governador Jo\u00e3o Azevedo e publicados na edi\u00e7\u00e3o do Di\u00e1rio Oficial do Estado, nesta sexta-feira (3). &hellip;<\/p>\n","protected":false},"author":1,"featured_media":115208,"comment_status":"open","ping_status":"open","sticky":false,"template":"","format":"standard","meta":{"footnotes":""},"categories":[2],"tags":[],"class_list":["post-136081","post","type-post","status-publish","format-standard","has-post-thumbnail","hentry","category-saude"],"_links":{"self":[{"href":"https:\/\/iparaiba.com.br\/index.php\/wp-json\/wp\/v2\/posts\/136081","targetHints":{"allow":["GET"]}}],"collection":[{"href":"https:\/\/iparaiba.com.br\/index.php\/wp-json\/wp\/v2\/posts"}],"about":[{"href":"https:\/\/iparaiba.com.br\/index.php\/wp-json\/wp\/v2\/types\/post"}],"author":[{"embeddable":true,"href":"https:\/\/iparaiba.com.br\/index.php\/wp-json\/wp\/v2\/users\/1"}],"replies":[{"embeddable":true,"href":"https:\/\/iparaiba.com.br\/index.php\/wp-json\/wp\/v2\/comments?post=136081"}],"version-history":[{"count":0,"href":"https:\/\/iparaiba.com.br\/index.php\/wp-json\/wp\/v2\/posts\/136081\/revisions"}],"wp:featuredmedia":[{"embeddable":true,"href":"https:\/\/iparaiba.com.br\/index.php\/wp-json\/wp\/v2\/media\/115208"}],"wp:attachment":[{"href":"https:\/\/iparaiba.com.br\/index.php\/wp-json\/wp\/v2\/media?parent=136081"}],"wp:term":[{"taxonomy":"category","embeddable":true,"href":"https:\/\/iparaiba.com.br\/index.php\/wp-json\/wp\/v2\/categories?post=136081"},{"taxonomy":"post_tag","embeddable":true,"href":"https:\/\/iparaiba.com.br\/index.php\/wp-json\/wp\/v2\/tags?post=136081"}],"curies":[{"name":"wp","href":"https:\/\/api.w.org\/{rel}","templated":true}]}}