{"id":136080,"date":"2025-10-06T12:02:15","date_gmt":"2025-10-06T15:02:15","guid":{"rendered":"https:\/\/onordeste.com.br\/?p=136038"},"modified":"2025-10-06T12:02:15","modified_gmt":"2025-10-06T15:02:15","slug":"prefeitura-realiza-atendimentos-odontologicos-para-criancas-e-adolescentes","status":"publish","type":"post","link":"https:\/\/iparaiba.com.br\/index.php\/2025\/10\/06\/prefeitura-realiza-atendimentos-odontologicos-para-criancas-e-adolescentes\/","title":{"rendered":"Prefeitura realiza atendimentos odontol\u00f3gicos para crian\u00e7as e adolescentes"},"content":{"rendered":"<p style=\"font-weight: 400;\">A Prefeitura de Campina Grande, atrav\u00e9s da Secretaria de Assist\u00eancia Social (Semas), em parceria com a Secretaria de Sa\u00fade, realizou servi\u00e7os de atendimentos odontol\u00f3gicos com o Odontom\u00f3vel, para cerca de 40 crian\u00e7as e adolescentes das quatro Casas da Esperan\u00e7a. Coordenadas pela Diretoria de Prote\u00e7\u00e3o Social Especial de M\u00e9dia a Alta Complexidade, as quatro unidades re\u00fanem atualmente, cerca de 66 crian\u00e7as e adolescentes em acolhimento. A a\u00e7\u00e3o foi encerrada nesta sexta-feira, 03, na Casa 4, que atende 21 acolhidos entre meninas e meninos, na maioria, irm\u00e3os.<\/p>\n<p style=\"font-weight: 400;\">Logo cedinho da manh\u00e3 alguns acolhidos j\u00e1 estavam em atendimento, \u00e0 exemplo de D.N de 4 anos, que recebeu limpeza e aplica\u00e7\u00e3o de fl\u00faor.\u00a0 A adolescente A.S. de 12 anos, que est\u00e1 na Casa desde os 3 anos de idade, tamb\u00e9m realizou limpeza e restaura\u00e7\u00e3o. Ela aprendeu que \u00e9 necess\u00e1rio estar em dia com a sa\u00fade bucal, para estar bem com a sa\u00fade como um todo. \u201cPara mim foi muito bom, saber que estou tratando dos meus dentes. J\u00e1 havia passado por dentista, antes, mais quanto mais cuidar do nosso sorriso, melhor ainda para todos n\u00f3s\u201d, disse a garota.<\/p>\n<p style=\"font-weight: 400;\">A equipe da Sa\u00fade, liderada pelo coordenador de Sa\u00fade Bucal no munic\u00edpio, Tony Peixoto, esteve na unidade para conhecer de perto o trabalho realizado na Casa e foi recebida pela coordenadora da Casa, Ana Nery e pela supervisora t\u00e9cnica de Alta Complexidade, Kalina Oliveira. Para o especialista, um momento muito especial para garantir a sa\u00fade bucal desse p\u00fablico. \u201cUma satisfa\u00e7\u00e3o para n\u00f3s prestar essa assist\u00eancia odontol\u00f3gica, porque de fato, a sa\u00fade come\u00e7a pela boca. Sabemos que naturalmente o cuidado com a sa\u00fade bucal \u00e9 negligenciado pela popula\u00e7\u00e3o como um todo, por isso esse olhar precisa ser ainda mais sutil com essas crian\u00e7as que vem de situa\u00e7\u00f5es de vulnerabilidade\u201d, disse o coordenador.<\/p>\n","protected":false},"excerpt":{"rendered":"<p>A Prefeitura de Campina Grande, atrav\u00e9s da Secretaria de Assist\u00eancia Social (Semas), em parceria com a Secretaria de Sa\u00fade, realizou servi\u00e7os de atendimentos odontol\u00f3gicos com o Odontom\u00f3vel, para cerca de 40 crian\u00e7as e adolescentes das quatro Casas da Esperan\u00e7a. Coordenadas pela Diretoria de Prote\u00e7\u00e3o Social Especial de M\u00e9dia a Alta Complexidade, as quatro unidades re\u00fanem &hellip;<\/p>\n","protected":false},"author":1,"featured_media":97504,"comment_status":"open","ping_status":"open","sticky":false,"template":"","format":"standard","meta":{"footnotes":""},"categories":[2],"tags":[],"class_list":["post-136080","post","type-post","status-publish","format-standard","has-post-thumbnail","hentry","category-saude"],"_links":{"self":[{"href":"https:\/\/iparaiba.com.br\/index.php\/wp-json\/wp\/v2\/posts\/136080","targetHints":{"allow":["GET"]}}],"collection":[{"href":"https:\/\/iparaiba.com.br\/index.php\/wp-json\/wp\/v2\/posts"}],"about":[{"href":"https:\/\/iparaiba.com.br\/index.php\/wp-json\/wp\/v2\/types\/post"}],"author":[{"embeddable":true,"href":"https:\/\/iparaiba.com.br\/index.php\/wp-json\/wp\/v2\/users\/1"}],"replies":[{"embeddable":true,"href":"https:\/\/iparaiba.com.br\/index.php\/wp-json\/wp\/v2\/comments?post=136080"}],"version-history":[{"count":0,"href":"https:\/\/iparaiba.com.br\/index.php\/wp-json\/wp\/v2\/posts\/136080\/revisions"}],"wp:featuredmedia":[{"embeddable":true,"href":"https:\/\/iparaiba.com.br\/index.php\/wp-json\/wp\/v2\/media\/97504"}],"wp:attachment":[{"href":"https:\/\/iparaiba.com.br\/index.php\/wp-json\/wp\/v2\/media?parent=136080"}],"wp:term":[{"taxonomy":"category","embeddable":true,"href":"https:\/\/iparaiba.com.br\/index.php\/wp-json\/wp\/v2\/categories?post=136080"},{"taxonomy":"post_tag","embeddable":true,"href":"https:\/\/iparaiba.com.br\/index.php\/wp-json\/wp\/v2\/tags?post=136080"}],"curies":[{"name":"wp","href":"https:\/\/api.w.org\/{rel}","templated":true}]}}