{"id":136077,"date":"2025-10-06T11:59:08","date_gmt":"2025-10-06T14:59:08","guid":{"rendered":"https:\/\/onordeste.com.br\/?p=136032"},"modified":"2025-10-06T11:59:08","modified_gmt":"2025-10-06T14:59:08","slug":"outubro-rosa-6a-corrida-pela-vida-neste-domingo-alertou-sobre-a-prevencao-ao-cancer","status":"publish","type":"post","link":"https:\/\/iparaiba.com.br\/index.php\/2025\/10\/06\/outubro-rosa-6a-corrida-pela-vida-neste-domingo-alertou-sobre-a-prevencao-ao-cancer\/","title":{"rendered":"Outubro Rosa: 6\u00aa Corrida pela Vida, neste domingo, alertou sobre a preven\u00e7\u00e3o ao c\u00e2ncer"},"content":{"rendered":"<p>A cidade de Patos, no Sert\u00e3o paraibano, foi palco, neste domingo, dia 5, da 6\u00aa Corrida e Caminhada Contra o C\u00e2ncer e Pela Vida 2025. A a\u00e7\u00e3o faz parte da programa\u00e7\u00e3o da campanha Outubro Rosa e tem como objetivo alertar sobre a import\u00e2ncia da preven\u00e7\u00e3o ao c\u00e2ncer de mama.\u00a0A renda da venda dos kits foi revertida \u00e0 Casa de Apoio ao Portador de C\u00e2ncer no munic\u00edpio, organiza\u00e7\u00e3o mantida pelo grupo de volunt\u00e1rias \u201cAmigas Viva a Vida\u201d. A Funasa Sa\u00fade, operadora de planos de sa\u00fade com mais de 30 anos de hist\u00f3ria, apoiou a realiza\u00e7\u00e3o da prova.<\/p>\n<p>A 6\u00aa Corrida e Caminhada Contra o C\u00e2ncer e Pela Vida 2025 teve como primeiro lugar geral o atleta Ewerton Soares Correa. Entre as mulheres, a primeira colocada mulher foi Rayane Rodrigues dos Santos. A largada ocorreu \u00e0s 6h em frente \u00e0 Casa de Apoio ao Portador de C\u00e2ncer de Patos e reuniu centenas de participantes.<br \/>\nA organizadora da prova e coordenadora do grupo \u201cAmigas Viva a Vida\u201d, H\u00edgia Lucena, considerou a edi\u00e7\u00e3o 2025 da\u00a0Corrida e Caminhada Contra o C\u00e2ncer e Pela Vida um sucesso. \u201cEu estou muito feliz porque foi um sucesso total de participa\u00e7\u00e3o, a mobiliza\u00e7\u00e3o das pessoas em prol da Casa de Apoio ao Portador de C\u00e2ncer\u201d, ressaltou.<\/p>\n<p>H\u00edgia Lucena, tamb\u00e9m, destacou a import\u00e2ncia dos parceiros como a Funasa Sa\u00fade. \u201cEsse cuidado da Funasa Sa\u00fade com as pessoas e abra\u00e7ar essa causa da preven\u00e7\u00e3o ao c\u00e2ncer me deixa muito feliz. O mais interessante da Funasa Sa\u00fade \u00e9 essa vis\u00e3o de trabalhar a preven\u00e7\u00e3o\u201d, pontuou. Ela destacou que a manuten\u00e7\u00e3o do trabalho realizado pelo grupo \u201cAmigas Viva a Vida\u201d s\u00f3 \u00e9 poss\u00edvel atrav\u00e9s das parcerias e do voluntariado.<br \/>\nA Funasa Sa\u00fade montou um stand de apoio aos corredores, realizando servi\u00e7os de aferi\u00e7\u00e3o da press\u00e3o arterial e teste de glicemia, al\u00e9m de distribuir \u00e1gua, picol\u00e9s, bolo e salgados com os participantes ap\u00f3s a corrida.<br \/>\nA participante da corrida Elaine Camila Soares aproveitou os servi\u00e7os oferecidos para aferir a press\u00e3o arterial. \u201c\u00c9 \u00f3timo a gente encontrar servi\u00e7os de sa\u00fade dispon\u00edveis. \u00c9 importante ter esses servi\u00e7os nas corridas. Est\u00e3o de parab\u00e9ns pela iniciativa\u201d, frisou. Ela conta que come\u00e7ou a participar de corridas h\u00e1 seis meses e que o evento deste domingo tem um car\u00e1ter especial. \u201cO primeiro motivo de participar \u00e9 a causa que \u00e9 nobre, \u00e9 uma a\u00e7\u00e3o importante para manter a Casa de Apoio ao Portador de C\u00e2ncer e conscientizar sobre a doen\u00e7a\u201d, completou.<br \/>\nO respons\u00e1vel pela Funasa Sa\u00fade em Patos, Enildo de Morais Dias, destacou o car\u00e1ter social da 6\u00aa Corrida e Caminhada Contra o C\u00e2ncer e Pela Vida. \u201cPara a Funasa Sa\u00fade \u00e9 muito importante apoiar a corrida porque tem como objetivo prevenir o c\u00e2ncer e contribuir para as a\u00e7\u00f5es da Casa de Apoio. \u00c9 uma corrida cuja finalidade \u00e9 contribuir para a sa\u00fade das pessoas, o que tem tudo a ver com os objetivos da Funasa Sa\u00fade, que \u00e9 o bem-estar e o cuidar das pesssoas\u201d, ponderou.<\/p>\n<p>A Funasa Sa\u00fade \u00e9 uma associa\u00e7\u00e3o genuinamente paraibana que opera planos de sa\u00fade. Todas as informa\u00e7\u00f5es sobre o processo de ades\u00e3o \u00e0 Funasa Sa\u00fade est\u00e3o dispon\u00edveis no perfil no Instagram da Funasa Sa\u00fade (@funasasaude) ou atrav\u00e9s do telefone 3022-4225.<\/p>\n<p>Servi\u00e7o<br \/>\nGrupo \u201cAmigas Viva a Vida\u201d de Patos<br \/>\nInstagram: @amigasvivaavidapatos<\/p>\n","protected":false},"excerpt":{"rendered":"<p>A cidade de Patos, no Sert\u00e3o paraibano, foi palco, neste domingo, dia 5, da 6\u00aa Corrida e Caminhada Contra o C\u00e2ncer e Pela Vida 2025. A a\u00e7\u00e3o faz parte da programa\u00e7\u00e3o da campanha Outubro Rosa e tem como objetivo alertar sobre a import\u00e2ncia da preven\u00e7\u00e3o ao c\u00e2ncer de mama.\u00a0A renda da venda dos kits foi &hellip;<\/p>\n","protected":false},"author":1,"featured_media":123152,"comment_status":"open","ping_status":"open","sticky":false,"template":"","format":"standard","meta":{"footnotes":""},"categories":[15],"tags":[],"class_list":["post-136077","post","type-post","status-publish","format-standard","has-post-thumbnail","hentry","category-links"],"_links":{"self":[{"href":"https:\/\/iparaiba.com.br\/index.php\/wp-json\/wp\/v2\/posts\/136077","targetHints":{"allow":["GET"]}}],"collection":[{"href":"https:\/\/iparaiba.com.br\/index.php\/wp-json\/wp\/v2\/posts"}],"about":[{"href":"https:\/\/iparaiba.com.br\/index.php\/wp-json\/wp\/v2\/types\/post"}],"author":[{"embeddable":true,"href":"https:\/\/iparaiba.com.br\/index.php\/wp-json\/wp\/v2\/users\/1"}],"replies":[{"embeddable":true,"href":"https:\/\/iparaiba.com.br\/index.php\/wp-json\/wp\/v2\/comments?post=136077"}],"version-history":[{"count":0,"href":"https:\/\/iparaiba.com.br\/index.php\/wp-json\/wp\/v2\/posts\/136077\/revisions"}],"wp:featuredmedia":[{"embeddable":true,"href":"https:\/\/iparaiba.com.br\/index.php\/wp-json\/wp\/v2\/media\/123152"}],"wp:attachment":[{"href":"https:\/\/iparaiba.com.br\/index.php\/wp-json\/wp\/v2\/media?parent=136077"}],"wp:term":[{"taxonomy":"category","embeddable":true,"href":"https:\/\/iparaiba.com.br\/index.php\/wp-json\/wp\/v2\/categories?post=136077"},{"taxonomy":"post_tag","embeddable":true,"href":"https:\/\/iparaiba.com.br\/index.php\/wp-json\/wp\/v2\/tags?post=136077"}],"curies":[{"name":"wp","href":"https:\/\/api.w.org\/{rel}","templated":true}]}}