{"id":136070,"date":"2025-10-07T18:17:14","date_gmt":"2025-10-07T21:17:14","guid":{"rendered":"https:\/\/onordeste.com.br\/?p=136060"},"modified":"2025-10-07T18:17:14","modified_gmt":"2025-10-07T21:17:14","slug":"policia-localiza-plantacao-de-maconha","status":"publish","type":"post","link":"https:\/\/iparaiba.com.br\/index.php\/2025\/10\/07\/policia-localiza-plantacao-de-maconha\/","title":{"rendered":"Pol\u00edcia localiza planta\u00e7\u00e3o de maconha"},"content":{"rendered":"<p>Uma planta\u00e7\u00e3o com mais de 100 mil p\u00e9s de maconha foi localizada pela Pol\u00edcia Militar na manh\u00e3 deste domingo (5), em Camala\u00fa, no Cariri da Para\u00edba.<\/p>\n<p>O cultivo ocupava uma \u00e1rea de 1,5 hectare e, conforme a PM, as plantas ser\u00e3o arrancadas e incineradas. Ningu\u00e9m foi preso. Este \u00e9 o segundo caso registrado no munic\u00edpio em poucos dias.<\/p>\n<p>Segundo o tenente-coronel Wherick Fel\u00edcio, a localiza\u00e7\u00e3o do novo plantio foi poss\u00edvel gra\u00e7as a uma a\u00e7\u00e3o conjunta entre as pol\u00edcias Federal, Civil, Penal e Militar, que integram a For\u00e7a Integrada de Combate ao Crime Organizado (Ficco).<\/p>\n<p>A Pol\u00edcia ainda investiga se h\u00e1 liga\u00e7\u00e3o entre os dois casos.<\/p>\n<p>Paraibaonline<\/p>\n<p>&nbsp;<\/p>\n","protected":false},"excerpt":{"rendered":"<p>Uma planta\u00e7\u00e3o com mais de 100 mil p\u00e9s de maconha foi localizada pela Pol\u00edcia Militar na manh\u00e3 deste domingo (5), em Camala\u00fa, no Cariri da Para\u00edba. O cultivo ocupava uma \u00e1rea de 1,5 hectare e, conforme a PM, as plantas ser\u00e3o arrancadas e incineradas. Ningu\u00e9m foi preso. Este \u00e9 o segundo caso registrado no munic\u00edpio &hellip;<\/p>\n","protected":false},"author":1,"featured_media":106077,"comment_status":"open","ping_status":"open","sticky":false,"template":"","format":"standard","meta":{"footnotes":""},"categories":[3],"tags":[],"class_list":["post-136070","post","type-post","status-publish","format-standard","has-post-thumbnail","hentry","category-nordeste"],"_links":{"self":[{"href":"https:\/\/iparaiba.com.br\/index.php\/wp-json\/wp\/v2\/posts\/136070","targetHints":{"allow":["GET"]}}],"collection":[{"href":"https:\/\/iparaiba.com.br\/index.php\/wp-json\/wp\/v2\/posts"}],"about":[{"href":"https:\/\/iparaiba.com.br\/index.php\/wp-json\/wp\/v2\/types\/post"}],"author":[{"embeddable":true,"href":"https:\/\/iparaiba.com.br\/index.php\/wp-json\/wp\/v2\/users\/1"}],"replies":[{"embeddable":true,"href":"https:\/\/iparaiba.com.br\/index.php\/wp-json\/wp\/v2\/comments?post=136070"}],"version-history":[{"count":1,"href":"https:\/\/iparaiba.com.br\/index.php\/wp-json\/wp\/v2\/posts\/136070\/revisions"}],"predecessor-version":[{"id":136091,"href":"https:\/\/iparaiba.com.br\/index.php\/wp-json\/wp\/v2\/posts\/136070\/revisions\/136091"}],"wp:featuredmedia":[{"embeddable":true,"href":"https:\/\/iparaiba.com.br\/index.php\/wp-json\/wp\/v2\/media\/106077"}],"wp:attachment":[{"href":"https:\/\/iparaiba.com.br\/index.php\/wp-json\/wp\/v2\/media?parent=136070"}],"wp:term":[{"taxonomy":"category","embeddable":true,"href":"https:\/\/iparaiba.com.br\/index.php\/wp-json\/wp\/v2\/categories?post=136070"},{"taxonomy":"post_tag","embeddable":true,"href":"https:\/\/iparaiba.com.br\/index.php\/wp-json\/wp\/v2\/tags?post=136070"}],"curies":[{"name":"wp","href":"https:\/\/api.w.org\/{rel}","templated":true}]}}