{"id":136069,"date":"2025-10-07T16:00:06","date_gmt":"2025-10-07T19:00:06","guid":{"rendered":"https:\/\/onordeste.com.br\/?p=136058"},"modified":"2025-10-07T16:00:06","modified_gmt":"2025-10-07T19:00:06","slug":"camara-discute-requalificacao-da-feira-central-de-campina-grande","status":"publish","type":"post","link":"https:\/\/iparaiba.com.br\/index.php\/2025\/10\/07\/camara-discute-requalificacao-da-feira-central-de-campina-grande\/","title":{"rendered":"C\u00e2mara discute requalifica\u00e7\u00e3o da Feira Central de Campina Grande."},"content":{"rendered":"<p>A C\u00e2mara Municipal de Campina Grande realizou a 88\u00aa Sess\u00e3o Ordin\u00e1ria, presidida pelo vereador Pr. Luciano Breno e secretariada por Anderson Pila. A pauta reuniu pronunciamentos de vereadores no pequeno e grande expediente e vota\u00e7\u00e3o de requerimentos. Entre os destaques, foram aprovados requerimentos para a realiza\u00e7\u00e3o de audi\u00eancias p\u00fablicas sobre a implementa\u00e7\u00e3o do VLT e a requalifica\u00e7\u00e3o da Feira Central da cidade de Campina Grande.<\/p>\n<p>Abrindo o pequeno expediente, a vereadora Carol Gomes apresentou um balan\u00e7o das agendas de setembro, destacando a realiza\u00e7\u00e3o das sess\u00f5es alusivas aos 35 anos do Conselho Municipal de Sa\u00fade e ao Dia Nacional do Surdo, esta \u00faltima realizada de forma totalmente inclusiva. Na oportunidade, refor\u00e7ou a relev\u00e2ncia do requerimento de sua autoria que prop\u00f5e a oferta de curso de Libras para servidores, assessores e vereadores, como medida permanente de acessibilidade institucional.<\/p>\n<p>Carol tamb\u00e9m registrou que setembro concentrou pautas de sa\u00fade, com a\u00e7\u00f5es do Setembro Amarelo no CAPS e no Minist\u00e9rio P\u00fablico do Trabalho, al\u00e9m da campanha \u201cSetembro em Flor\u201d, de conscientiza\u00e7\u00e3o sobre c\u00e2nceres ginecol\u00f3gicos. J\u00e1 mencionando a agenda de outubro, informou sua participa\u00e7\u00e3o na abertura do Outubro Rosa no munic\u00edpio e reiterou o chamado \u00e0 preven\u00e7\u00e3o por meio de exames peri\u00f3dicos para detec\u00e7\u00e3o precoce do c\u00e2ncer de mama. Ao final, desejou boas-vindas ao vereador Pl\u00ednio e parabenizou Fabiana Gomes pela posse na Secretaria Municipal de Inova\u00e7\u00e3o e Tecnologia.<\/p>\n<p>Na sequ\u00eancia, o vereador Severino da Presta\u00e7\u00e3o registrou visita \u00e0 Escola Presidente Kennedy, no bairro do Bodocong\u00f3, ap\u00f3s a reforma e amplia\u00e7\u00e3o do equipamento. Relatou que a unidade est\u00e1 completamente climatizada, com aumento do n\u00famero de salas de aula, campo de futebol, sala de inform\u00e1tica e novos espa\u00e7os de apoio. Destacou que investir na educa\u00e7\u00e3o \u00e9 investir no futuro das crian\u00e7as e afirmou que a entrega, realizada na tarde anterior, representa um avan\u00e7o significativo, ressaltando o empenho do Executivo municipal na execu\u00e7\u00e3o da obra.<\/p>\n","protected":false},"excerpt":{"rendered":"<p>A C\u00e2mara Municipal de Campina Grande realizou a 88\u00aa Sess\u00e3o Ordin\u00e1ria, presidida pelo vereador Pr. Luciano Breno e secretariada por Anderson Pila. A pauta reuniu pronunciamentos de vereadores no pequeno e grande expediente e vota\u00e7\u00e3o de requerimentos. Entre os destaques, foram aprovados requerimentos para a realiza\u00e7\u00e3o de audi\u00eancias p\u00fablicas sobre a implementa\u00e7\u00e3o do VLT e &hellip;<\/p>\n","protected":false},"author":1,"featured_media":106825,"comment_status":"open","ping_status":"open","sticky":false,"template":"","format":"standard","meta":{"footnotes":""},"categories":[3],"tags":[],"class_list":["post-136069","post","type-post","status-publish","format-standard","has-post-thumbnail","hentry","category-nordeste"],"_links":{"self":[{"href":"https:\/\/iparaiba.com.br\/index.php\/wp-json\/wp\/v2\/posts\/136069","targetHints":{"allow":["GET"]}}],"collection":[{"href":"https:\/\/iparaiba.com.br\/index.php\/wp-json\/wp\/v2\/posts"}],"about":[{"href":"https:\/\/iparaiba.com.br\/index.php\/wp-json\/wp\/v2\/types\/post"}],"author":[{"embeddable":true,"href":"https:\/\/iparaiba.com.br\/index.php\/wp-json\/wp\/v2\/users\/1"}],"replies":[{"embeddable":true,"href":"https:\/\/iparaiba.com.br\/index.php\/wp-json\/wp\/v2\/comments?post=136069"}],"version-history":[{"count":1,"href":"https:\/\/iparaiba.com.br\/index.php\/wp-json\/wp\/v2\/posts\/136069\/revisions"}],"predecessor-version":[{"id":136090,"href":"https:\/\/iparaiba.com.br\/index.php\/wp-json\/wp\/v2\/posts\/136069\/revisions\/136090"}],"wp:featuredmedia":[{"embeddable":true,"href":"https:\/\/iparaiba.com.br\/index.php\/wp-json\/wp\/v2\/media\/106825"}],"wp:attachment":[{"href":"https:\/\/iparaiba.com.br\/index.php\/wp-json\/wp\/v2\/media?parent=136069"}],"wp:term":[{"taxonomy":"category","embeddable":true,"href":"https:\/\/iparaiba.com.br\/index.php\/wp-json\/wp\/v2\/categories?post=136069"},{"taxonomy":"post_tag","embeddable":true,"href":"https:\/\/iparaiba.com.br\/index.php\/wp-json\/wp\/v2\/tags?post=136069"}],"curies":[{"name":"wp","href":"https:\/\/api.w.org\/{rel}","templated":true}]}}