{"id":136065,"date":"2025-10-07T08:10:27","date_gmt":"2025-10-07T11:10:27","guid":{"rendered":"https:\/\/onordeste.com.br\/?p=136050"},"modified":"2025-10-07T08:10:27","modified_gmt":"2025-10-07T11:10:27","slug":"i-simposio-de-jornalismo-profissional-sera-realizado-em-novembro","status":"publish","type":"post","link":"https:\/\/iparaiba.com.br\/index.php\/2025\/10\/07\/i-simposio-de-jornalismo-profissional-sera-realizado-em-novembro\/","title":{"rendered":"I Simp\u00f3sio de Jornalismo Profissional ser\u00e1 realizado em novembro"},"content":{"rendered":"<p dir=\"ltr\">Nos dias 7 e 8 de novembro de 2025, Campina Grande ser\u00e1 palco de um encontro in\u00e9dito para os profissionais da imprensa, estudantes e pesquisadores da \u00e1rea de comunica\u00e7\u00e3o: o Campina Comunica \u2013 I Simp\u00f3sio de Jornalismo Profissional de Campina Grande. O evento \u00e9 gratuito e tem vagas limitadas. As inscri\u00e7\u00f5es ser\u00e3o abertas em breve.<\/p>\n<p dir=\"ltr\">Com o tema \u201cOs desafios do jornalismo campinense: da tradi\u00e7\u00e3o \u00e0 inova\u00e7\u00e3o\u201d, o evento busca valorizar a hist\u00f3ria do jornalismo local e refletir sobre os desafios contempor\u00e2neos da profiss\u00e3o, como a \u00e9tica no ambiente digital, a influ\u00eancia da intelig\u00eancia artificial, os novos modelos de neg\u00f3cios e as transforma\u00e7\u00f5es das multiplataformas.<\/p>\n<p dir=\"ltr\">O evento tem como p\u00fablico-alvo: jornalistas, estudantes de comunica\u00e7\u00e3o, empres\u00e1rios e empreendedores do setor midi\u00e1tico, al\u00e9m de pesquisadores e acad\u00eamicos interessados em refletir sobre os caminhos do jornalismo e fortalecer a comunica\u00e7\u00e3o local.<\/p>\n<p dir=\"ltr\">A iniciativa pretende consolidar uma rede colaborativa entre jornalistas e comunicadores, valorizando a hist\u00f3ria da comunica\u00e7\u00e3o em Campina Grande, o exerc\u00edcio \u00e9tico da profiss\u00e3o e fomentar o di\u00e1logo sobre o futuro da profiss\u00e3o.<\/p>\n<p dir=\"ltr\">Segundo os organizadores, al\u00e9m da programa\u00e7\u00e3o t\u00e9cnica, o simp\u00f3sio destaca o papel social da imprensa. \u201cO jornalismo \u00e9 miss\u00e3o e servi\u00e7o que envolve muita responsabilidade social.\u00a0Reunir profissionais, estudantes e lideran\u00e7as \u00e9 um passo para fortalecer nossa democracia e melhorar a qualidade da informa\u00e7\u00e3o para a sociedade.\u201d<\/p>\n<p dir=\"ltr\">Mais do que um simp\u00f3sio, o Campina Comunica \u00e9 apresentado pelos organizadores como um movimento que reafirma a relev\u00e2ncia do jornalismo num tempo em que a informa\u00e7\u00e3o circula em velocidade sem precedentes, mas nem sempre com a mesma responsabilidade. \u201cAcreditamos que cada not\u00edcia bem constru\u00edda \u00e9 um ato de responsabilidade social. Nosso objetivo \u00e9 inspirar novas pr\u00e1ticas e fortalecer o compromisso dos jornalistas com a verdade, a \u00e9tica e a qualidade da informa\u00e7\u00e3o\u201d, ressaltou o jornalista Mateus Ara\u00fajo, um dos articuladores do movimento.<\/p>\n<p dir=\"ltr\">As novidades sobre o evento ser\u00e3o divulgadas atrav\u00e9s do perfil oficial no instagram:\u00a0<a href=\"https:\/\/www.instagram.com\/campinacomunica\/\" target=\"_blank\" rel=\"noopener\" data-saferedirecturl=\"https:\/\/www.google.com\/url?q=https:\/\/www.instagram.com\/campinacomunica\/&amp;source=gmail&amp;ust=1759847483817000&amp;usg=AOvVaw05YfV85XyuG4oYRJ6Lc7W9\">@campinacomunica<\/a><\/p>\n","protected":false},"excerpt":{"rendered":"<p>Nos dias 7 e 8 de novembro de 2025, Campina Grande ser\u00e1 palco de um encontro in\u00e9dito para os profissionais da imprensa, estudantes e pesquisadores da \u00e1rea de comunica\u00e7\u00e3o: o Campina Comunica \u2013 I Simp\u00f3sio de Jornalismo Profissional de Campina Grande. O evento \u00e9 gratuito e tem vagas limitadas. As inscri\u00e7\u00f5es ser\u00e3o abertas em breve. &hellip;<\/p>\n","protected":false},"author":1,"featured_media":103976,"comment_status":"open","ping_status":"open","sticky":false,"template":"","format":"standard","meta":{"footnotes":""},"categories":[3],"tags":[],"class_list":["post-136065","post","type-post","status-publish","format-standard","has-post-thumbnail","hentry","category-nordeste"],"_links":{"self":[{"href":"https:\/\/iparaiba.com.br\/index.php\/wp-json\/wp\/v2\/posts\/136065","targetHints":{"allow":["GET"]}}],"collection":[{"href":"https:\/\/iparaiba.com.br\/index.php\/wp-json\/wp\/v2\/posts"}],"about":[{"href":"https:\/\/iparaiba.com.br\/index.php\/wp-json\/wp\/v2\/types\/post"}],"author":[{"embeddable":true,"href":"https:\/\/iparaiba.com.br\/index.php\/wp-json\/wp\/v2\/users\/1"}],"replies":[{"embeddable":true,"href":"https:\/\/iparaiba.com.br\/index.php\/wp-json\/wp\/v2\/comments?post=136065"}],"version-history":[{"count":1,"href":"https:\/\/iparaiba.com.br\/index.php\/wp-json\/wp\/v2\/posts\/136065\/revisions"}],"predecessor-version":[{"id":136086,"href":"https:\/\/iparaiba.com.br\/index.php\/wp-json\/wp\/v2\/posts\/136065\/revisions\/136086"}],"wp:featuredmedia":[{"embeddable":true,"href":"https:\/\/iparaiba.com.br\/index.php\/wp-json\/wp\/v2\/media\/103976"}],"wp:attachment":[{"href":"https:\/\/iparaiba.com.br\/index.php\/wp-json\/wp\/v2\/media?parent=136065"}],"wp:term":[{"taxonomy":"category","embeddable":true,"href":"https:\/\/iparaiba.com.br\/index.php\/wp-json\/wp\/v2\/categories?post=136065"},{"taxonomy":"post_tag","embeddable":true,"href":"https:\/\/iparaiba.com.br\/index.php\/wp-json\/wp\/v2\/tags?post=136065"}],"curies":[{"name":"wp","href":"https:\/\/api.w.org\/{rel}","templated":true}]}}