{"id":136064,"date":"2025-10-07T06:09:27","date_gmt":"2025-10-07T09:09:27","guid":{"rendered":"https:\/\/onordeste.com.br\/?p=136048"},"modified":"2025-10-07T06:09:27","modified_gmt":"2025-10-07T09:09:27","slug":"paraiba-ganha-cadastro-estadual-da-pessoa-com-tea","status":"publish","type":"post","link":"https:\/\/iparaiba.com.br\/index.php\/2025\/10\/07\/paraiba-ganha-cadastro-estadual-da-pessoa-com-tea\/","title":{"rendered":"Para\u00edba ganha Cadastro Estadual da Pessoa com TEA"},"content":{"rendered":"<p>A Para\u00edba ganhou o Cadastro Estadual da Pessoa com TEA. A iniciativa \u00e9 fruto da Lei n\u00ba 13.939, de autoria do deputado Tovar, e tem o objetivo de mapear e registrar casos de TEA no estado, criando uma base de dados essencial para o planejamento de pol\u00edticas p\u00fablicas voltadas a esse grupo. A lei foi promulgada pelo presidente da ALPB, Adriano Galdino, e publicada no Di\u00e1rio Oficial do Estado desta quarta-feira (1\u00ba).<\/p>\n<p>O cadastro tem como objetivo principal coletar dados precisos sobre a popula\u00e7\u00e3o com autismo na Para\u00edba, permitindo a formula\u00e7\u00e3o de a\u00e7\u00f5es direcionadas \u00e0s \u00e1reas de sa\u00fade, educa\u00e7\u00e3o e inclus\u00e3o social. De acordo com o texto legal, o registro ser\u00e1 administrado pelo Poder Executivo estadual, que poder\u00e1 firmar conv\u00eanios com munic\u00edpios, entidades p\u00fablicas ou privadas para sua implementa\u00e7\u00e3o e operacionaliza\u00e7\u00e3o. Essa articula\u00e7\u00e3o entre esferas de governo e sociedade civil busca garantir maior alcance e efici\u00eancia ao sistema.<\/p>\n<p>A lei define crit\u00e9rios claros para caracterizar a pessoa com TEA, alinhando-se \u00e0 Lei Federal n\u00ba 12.764\/2012 (Lei Berenice Piana). S\u00e3o consideradas caracter\u00edsticas do transtorno: defici\u00eancias persistentes na comunica\u00e7\u00e3o e intera\u00e7\u00e3o sociais \u2013 como dificuldades significativas na comunica\u00e7\u00e3o verbal e n\u00e3o verbal, aus\u00eancia de reciprocidade social e incapacidade de manter rela\u00e7\u00f5es adequadas ao n\u00edvel de desenvolvimento \u2013 e padr\u00f5es restritivos e repetitivos de comportamento, manifestados por estereotipias motoras, interesses fixos ou ader\u00eancia excessiva a rotinas.<\/p>\n","protected":false},"excerpt":{"rendered":"<p>A Para\u00edba ganhou o Cadastro Estadual da Pessoa com TEA. A iniciativa \u00e9 fruto da Lei n\u00ba 13.939, de autoria do deputado Tovar, e tem o objetivo de mapear e registrar casos de TEA no estado, criando uma base de dados essencial para o planejamento de pol\u00edticas p\u00fablicas voltadas a esse grupo. A lei foi &hellip;<\/p>\n","protected":false},"author":1,"featured_media":115290,"comment_status":"open","ping_status":"open","sticky":false,"template":"","format":"standard","meta":{"footnotes":""},"categories":[8],"tags":[],"class_list":["post-136064","post","type-post","status-publish","format-standard","has-post-thumbnail","hentry","category-politica"],"_links":{"self":[{"href":"https:\/\/iparaiba.com.br\/index.php\/wp-json\/wp\/v2\/posts\/136064","targetHints":{"allow":["GET"]}}],"collection":[{"href":"https:\/\/iparaiba.com.br\/index.php\/wp-json\/wp\/v2\/posts"}],"about":[{"href":"https:\/\/iparaiba.com.br\/index.php\/wp-json\/wp\/v2\/types\/post"}],"author":[{"embeddable":true,"href":"https:\/\/iparaiba.com.br\/index.php\/wp-json\/wp\/v2\/users\/1"}],"replies":[{"embeddable":true,"href":"https:\/\/iparaiba.com.br\/index.php\/wp-json\/wp\/v2\/comments?post=136064"}],"version-history":[{"count":1,"href":"https:\/\/iparaiba.com.br\/index.php\/wp-json\/wp\/v2\/posts\/136064\/revisions"}],"predecessor-version":[{"id":136085,"href":"https:\/\/iparaiba.com.br\/index.php\/wp-json\/wp\/v2\/posts\/136064\/revisions\/136085"}],"wp:featuredmedia":[{"embeddable":true,"href":"https:\/\/iparaiba.com.br\/index.php\/wp-json\/wp\/v2\/media\/115290"}],"wp:attachment":[{"href":"https:\/\/iparaiba.com.br\/index.php\/wp-json\/wp\/v2\/media?parent=136064"}],"wp:term":[{"taxonomy":"category","embeddable":true,"href":"https:\/\/iparaiba.com.br\/index.php\/wp-json\/wp\/v2\/categories?post=136064"},{"taxonomy":"post_tag","embeddable":true,"href":"https:\/\/iparaiba.com.br\/index.php\/wp-json\/wp\/v2\/tags?post=136064"}],"curies":[{"name":"wp","href":"https:\/\/api.w.org\/{rel}","templated":true}]}}