{"id":136061,"date":"2025-10-06T14:04:25","date_gmt":"2025-10-06T17:04:25","guid":{"rendered":"https:\/\/onordeste.com.br\/?p=136042"},"modified":"2025-10-06T14:04:25","modified_gmt":"2025-10-06T17:04:25","slug":"estabelecimentos-comerciais-nao-podem-usar-imagens-degradantes-de-mulheres","status":"publish","type":"post","link":"https:\/\/iparaiba.com.br\/index.php\/2025\/10\/06\/estabelecimentos-comerciais-nao-podem-usar-imagens-degradantes-de-mulheres\/","title":{"rendered":"Estabelecimentos comerciais n\u00e3o podem usar imagens degradantes de mulheres"},"content":{"rendered":"<p>Publicada no Di\u00e1rio Oficial do Estado de sexta-feira (03), a Lei n\u00ba 13.943, de 3 de outubro de 2025, passa a proibir a exposi\u00e7\u00e3o de imagens discriminat\u00f3rias ou degradantes de mulheres nos banheiros de estabelecimentos comerciais localizados na Para\u00edba. A nova legisla\u00e7\u00e3o, de autoria da deputada estadual Silvia Benjamim, tem como objetivo coibir pr\u00e1ticas que reforcem estere\u00f3tipos de g\u00eanero e criem ambientes hostis ou ofensivos \u00e0s mulheres.<\/p>\n<p>De acordo com o texto sancionado pelo governador, qualquer material que viole a determina\u00e7\u00e3o dever\u00e1 ser removido imediatamente pelos estabelecimentos. O descumprimento da norma acarretar\u00e1 a aplica\u00e7\u00e3o de multa, mesmo ap\u00f3s a retirada das imagens consideradas aviltantes. Os procedimentos para a fiscaliza\u00e7\u00e3o e aplica\u00e7\u00e3o das penalidades ainda ser\u00e3o regulamentados pelo Poder Executivo.<\/p>\n<p>A iniciativa surge como resposta a um problema culturalmente enraizado: o uso de figuras sexualizadas ou depreciativas em espa\u00e7os de conviv\u00eancia, sobretudo em bares, restaurantes e casas noturnas. Na justificativa de seu projeto de lei, que deu origem \u00e0 norma, a deputada Silvia Benjamim destacou que a pr\u00e1tica refor\u00e7a o sexismo estrutural e afronta princ\u00edpios constitucionais.<\/p>\n","protected":false},"excerpt":{"rendered":"<p>Publicada no Di\u00e1rio Oficial do Estado de sexta-feira (03), a Lei n\u00ba 13.943, de 3 de outubro de 2025, passa a proibir a exposi\u00e7\u00e3o de imagens discriminat\u00f3rias ou degradantes de mulheres nos banheiros de estabelecimentos comerciais localizados na Para\u00edba. A nova legisla\u00e7\u00e3o, de autoria da deputada estadual Silvia Benjamim, tem como objetivo coibir pr\u00e1ticas que &hellip;<\/p>\n","protected":false},"author":1,"featured_media":123283,"comment_status":"open","ping_status":"open","sticky":false,"template":"","format":"standard","meta":{"footnotes":""},"categories":[4],"tags":[],"class_list":["post-136061","post","type-post","status-publish","format-standard","has-post-thumbnail","hentry","category-cultura"],"_links":{"self":[{"href":"https:\/\/iparaiba.com.br\/index.php\/wp-json\/wp\/v2\/posts\/136061","targetHints":{"allow":["GET"]}}],"collection":[{"href":"https:\/\/iparaiba.com.br\/index.php\/wp-json\/wp\/v2\/posts"}],"about":[{"href":"https:\/\/iparaiba.com.br\/index.php\/wp-json\/wp\/v2\/types\/post"}],"author":[{"embeddable":true,"href":"https:\/\/iparaiba.com.br\/index.php\/wp-json\/wp\/v2\/users\/1"}],"replies":[{"embeddable":true,"href":"https:\/\/iparaiba.com.br\/index.php\/wp-json\/wp\/v2\/comments?post=136061"}],"version-history":[{"count":1,"href":"https:\/\/iparaiba.com.br\/index.php\/wp-json\/wp\/v2\/posts\/136061\/revisions"}],"predecessor-version":[{"id":136082,"href":"https:\/\/iparaiba.com.br\/index.php\/wp-json\/wp\/v2\/posts\/136061\/revisions\/136082"}],"wp:featuredmedia":[{"embeddable":true,"href":"https:\/\/iparaiba.com.br\/index.php\/wp-json\/wp\/v2\/media\/123283"}],"wp:attachment":[{"href":"https:\/\/iparaiba.com.br\/index.php\/wp-json\/wp\/v2\/media?parent=136061"}],"wp:term":[{"taxonomy":"category","embeddable":true,"href":"https:\/\/iparaiba.com.br\/index.php\/wp-json\/wp\/v2\/categories?post=136061"},{"taxonomy":"post_tag","embeddable":true,"href":"https:\/\/iparaiba.com.br\/index.php\/wp-json\/wp\/v2\/tags?post=136061"}],"curies":[{"name":"wp","href":"https:\/\/api.w.org\/{rel}","templated":true}]}}