{"id":136036,"date":"2025-09-29T13:00:09","date_gmt":"2025-09-29T16:00:09","guid":{"rendered":"https:\/\/onordeste.com.br\/?p=135980"},"modified":"2025-09-29T13:00:09","modified_gmt":"2025-09-29T16:00:09","slug":"cpi-dos-combustiveis-define-agenda-de-trabalho","status":"publish","type":"post","link":"https:\/\/iparaiba.com.br\/index.php\/2025\/09\/29\/cpi-dos-combustiveis-define-agenda-de-trabalho\/","title":{"rendered":"CPI dos Combust\u00edveis define agenda de trabalho"},"content":{"rendered":"<p align=\"justify\">A Comiss\u00e3o Parlamentar de Inqu\u00e9rito (CPI) dos Combust\u00edveis, instalada na C\u00e2mara Municipal de Jo\u00e3o Pessoa (CMJP) para investigar suposta pr\u00e1tica de carteliza\u00e7\u00e3o entre os postos, se reuniu para definir a agenda de trabalho. Com <a href=\"https:\/\/joaopessoa.pb.leg.br\/novo-integrante-da-cpi-dos-combustiveis-e-definido\/\" target=\"_blank\" rel=\"noopener\" data-saferedirecturl=\"https:\/\/www.google.com\/url?q=https:\/\/joaopessoa.pb.leg.br\/novo-integrante-da-cpi-dos-combustiveis-e-definido\/&amp;source=gmail&amp;ust=1759243535311000&amp;usg=AOvVaw2WMnA7n-0IQQerQsgjbmTd\">nova composi\u00e7\u00e3o<\/a>, o colegiado acordou que as reuni\u00f5es ser\u00e3o realizadas nas quartas-feiras, a partir das 10h. A ideia \u00e9 que no pr\u00f3ximo dia 8 de outubro os primeiros convidados sejam ouvidos.<\/p>\n<p align=\"justify\">O presidente da Comiss\u00e3o, vereador Mikika Leit\u00e3o (Republicanos), refor\u00e7ou que o objetivo geral da CPI \u00e9 apurar as irregularidades, pr\u00e1ticas abusivas, carteliza\u00e7\u00e3o, fraudes fiscais e ambientais, e outras ilegalidades relacionadas ao com\u00e9rcio, distribui\u00e7\u00e3o e venda de combust\u00edveis em Jo\u00e3o Pessoa. Como objetivos espec\u00edficos, o parlamentar destacou os seguintes: verificar poss\u00edveis pr\u00e1ticas de forma\u00e7\u00e3o de cartel entre os postos de combust\u00edvel; investigar a exist\u00eancia de irregularidades fiscais, sonega\u00e7\u00f5es, adultera\u00e7\u00e3o de notas fiscais e no recolhimento de tributos fiscais; avaliar a qualidade do combust\u00edvel comercializado; analisar poss\u00edveis impactos ambientais decorrentes da comercializa\u00e7\u00e3o irregular; identificar omiss\u00f5es ou falhas de fiscaliza\u00e7\u00e3o por \u00f3rg\u00e3os competentes; e propor medidas legislativas e administrativas que co\u00edbam pr\u00e1ticas il\u00edcitas e protejam o consumidor.<\/p>\n<p align=\"justify\">O relator da CPI, vereador Tarc\u00edsio Jardim (PP), informou que, na pr\u00f3xima semana, a Comiss\u00e3o vai realizar visitas institucionais a alguns \u00f3rg\u00e3os, a fim de firmar conv\u00eanios para ter acesso \u00e0s informa\u00e7\u00f5es e canais de extra\u00e7\u00e3o de dados necess\u00e1rios ao andamento da CPI; e no dia 8 de outubro ser\u00e1 realizada a primeira reuni\u00e3o com a presen\u00e7a de convidados. \u201cA partir do dia 8 de outubro iniciaremos as entrevistas com os integrantes das entidades que foram oficialmente sugeridas. Inicialmente, elas ser\u00e3o convidados e n\u00e3o convocados. Caso haja uma negativa de comparecer \u00e0 Comiss\u00e3o, a\u00ed agente altera o convite para uma convoca\u00e7\u00e3o\u201d, explicou.<\/p>\n<p align=\"justify\">Tarc\u00edsio destacou a necessidade do popula\u00e7\u00e3o participar das a\u00e7\u00f5es da CPI, inclusive enviando den\u00fancias. \u201cVamos disponibilizar um e-mail e um WhatsApp especificamente para a CPI e, assim que firmarmos acordo com o delegado Andr\u00e9 Rabelo e o secret\u00e1rio de seguran\u00e7a Jean Nunes, criaremos um canal de den\u00fancias no 197, da Pol\u00edcia Civil, que estar\u00e1 vinculado diretamente \u00e0 Comiss\u00e3o. Se n\u00e3o tivermos ajuda popular, o trabalho fica dif\u00edcil\u201d, avaliou o relator.<\/p>\n<p align=\"justify\">CMJP<\/p>\n","protected":false},"excerpt":{"rendered":"<p>A Comiss\u00e3o Parlamentar de Inqu\u00e9rito (CPI) dos Combust\u00edveis, instalada na C\u00e2mara Municipal de Jo\u00e3o Pessoa (CMJP) para investigar suposta pr\u00e1tica de carteliza\u00e7\u00e3o entre os postos, se reuniu para definir a agenda de trabalho. Com nova composi\u00e7\u00e3o, o colegiado acordou que as reuni\u00f5es ser\u00e3o realizadas nas quartas-feiras, a partir das 10h. A ideia \u00e9 que no &hellip;<\/p>\n","protected":false},"author":1,"featured_media":109944,"comment_status":"open","ping_status":"open","sticky":false,"template":"","format":"standard","meta":{"footnotes":""},"categories":[3],"tags":[],"class_list":["post-136036","post","type-post","status-publish","format-standard","has-post-thumbnail","hentry","category-nordeste"],"_links":{"self":[{"href":"https:\/\/iparaiba.com.br\/index.php\/wp-json\/wp\/v2\/posts\/136036","targetHints":{"allow":["GET"]}}],"collection":[{"href":"https:\/\/iparaiba.com.br\/index.php\/wp-json\/wp\/v2\/posts"}],"about":[{"href":"https:\/\/iparaiba.com.br\/index.php\/wp-json\/wp\/v2\/types\/post"}],"author":[{"embeddable":true,"href":"https:\/\/iparaiba.com.br\/index.php\/wp-json\/wp\/v2\/users\/1"}],"replies":[{"embeddable":true,"href":"https:\/\/iparaiba.com.br\/index.php\/wp-json\/wp\/v2\/comments?post=136036"}],"version-history":[{"count":0,"href":"https:\/\/iparaiba.com.br\/index.php\/wp-json\/wp\/v2\/posts\/136036\/revisions"}],"wp:featuredmedia":[{"embeddable":true,"href":"https:\/\/iparaiba.com.br\/index.php\/wp-json\/wp\/v2\/media\/109944"}],"wp:attachment":[{"href":"https:\/\/iparaiba.com.br\/index.php\/wp-json\/wp\/v2\/media?parent=136036"}],"wp:term":[{"taxonomy":"category","embeddable":true,"href":"https:\/\/iparaiba.com.br\/index.php\/wp-json\/wp\/v2\/categories?post=136036"},{"taxonomy":"post_tag","embeddable":true,"href":"https:\/\/iparaiba.com.br\/index.php\/wp-json\/wp\/v2\/tags?post=136036"}],"curies":[{"name":"wp","href":"https:\/\/api.w.org\/{rel}","templated":true}]}}