{"id":136035,"date":"2025-09-29T07:57:50","date_gmt":"2025-09-29T10:57:50","guid":{"rendered":"https:\/\/onordeste.com.br\/?p=135978"},"modified":"2025-09-29T07:57:50","modified_gmt":"2025-09-29T10:57:50","slug":"alpb-discute-regulamentacao-e-fiscalizacao-de-esteticistas","status":"publish","type":"post","link":"https:\/\/iparaiba.com.br\/index.php\/2025\/09\/29\/alpb-discute-regulamentacao-e-fiscalizacao-de-esteticistas\/","title":{"rendered":"ALPB discute regulamenta\u00e7\u00e3o e fiscaliza\u00e7\u00e3o de esteticistas"},"content":{"rendered":"<p>A Assembleia Legislativa da Para\u00edba (ALPB) realizou uma sess\u00e3o especial para debater a regulamenta\u00e7\u00e3o e a fiscaliza\u00e7\u00e3o das atividades dos profissionais de est\u00e9tica no estado. A iniciativa, proposta pelo deputado Luciano Cartaxo, reuniu representantes da categoria, \u00f3rg\u00e3os de vigil\u00e2ncia sanit\u00e1ria, entidades de classe e representantes do Poder Executivo, em busca de um debate aprofundado sobre o tema.<\/p>\n<p>O deputado Luciano Cartaxo destacou a import\u00e2ncia do evento para a sa\u00fade p\u00fablica. \u201cConsidero esta sess\u00e3o de grande import\u00e2ncia, pois promoveu um debate crucial sobre a regulamenta\u00e7\u00e3o e a fiscaliza\u00e7\u00e3o do exerc\u00edcio da atividade de esteticista no estado da Para\u00edba. Embora j\u00e1 exista uma lei federal, que reconhece essa categoria, \u00e9 necess\u00e1rio estabelecer mecanismos de fiscaliza\u00e7\u00e3o para garantir a sa\u00fade p\u00fablica da popula\u00e7\u00e3o, que ser\u00e1 atendida por profissionais altamente qualificados e aptos a atuar no mercado. Pretendemos tamb\u00e9m fortalecer o processo de fiscaliza\u00e7\u00e3o por parte da vigil\u00e2ncia sanit\u00e1ria\u201d, disse.<\/p>\n","protected":false},"excerpt":{"rendered":"<p>A Assembleia Legislativa da Para\u00edba (ALPB) realizou uma sess\u00e3o especial para debater a regulamenta\u00e7\u00e3o e a fiscaliza\u00e7\u00e3o das atividades dos profissionais de est\u00e9tica no estado. A iniciativa, proposta pelo deputado Luciano Cartaxo, reuniu representantes da categoria, \u00f3rg\u00e3os de vigil\u00e2ncia sanit\u00e1ria, entidades de classe e representantes do Poder Executivo, em busca de um debate aprofundado sobre &hellip;<\/p>\n","protected":false},"author":1,"featured_media":115221,"comment_status":"open","ping_status":"open","sticky":false,"template":"","format":"standard","meta":{"footnotes":""},"categories":[8],"tags":[],"class_list":["post-136035","post","type-post","status-publish","format-standard","has-post-thumbnail","hentry","category-politica"],"_links":{"self":[{"href":"https:\/\/iparaiba.com.br\/index.php\/wp-json\/wp\/v2\/posts\/136035","targetHints":{"allow":["GET"]}}],"collection":[{"href":"https:\/\/iparaiba.com.br\/index.php\/wp-json\/wp\/v2\/posts"}],"about":[{"href":"https:\/\/iparaiba.com.br\/index.php\/wp-json\/wp\/v2\/types\/post"}],"author":[{"embeddable":true,"href":"https:\/\/iparaiba.com.br\/index.php\/wp-json\/wp\/v2\/users\/1"}],"replies":[{"embeddable":true,"href":"https:\/\/iparaiba.com.br\/index.php\/wp-json\/wp\/v2\/comments?post=136035"}],"version-history":[{"count":0,"href":"https:\/\/iparaiba.com.br\/index.php\/wp-json\/wp\/v2\/posts\/136035\/revisions"}],"wp:featuredmedia":[{"embeddable":true,"href":"https:\/\/iparaiba.com.br\/index.php\/wp-json\/wp\/v2\/media\/115221"}],"wp:attachment":[{"href":"https:\/\/iparaiba.com.br\/index.php\/wp-json\/wp\/v2\/media?parent=136035"}],"wp:term":[{"taxonomy":"category","embeddable":true,"href":"https:\/\/iparaiba.com.br\/index.php\/wp-json\/wp\/v2\/categories?post=136035"},{"taxonomy":"post_tag","embeddable":true,"href":"https:\/\/iparaiba.com.br\/index.php\/wp-json\/wp\/v2\/tags?post=136035"}],"curies":[{"name":"wp","href":"https:\/\/api.w.org\/{rel}","templated":true}]}}