{"id":136034,"date":"2025-09-29T11:57:03","date_gmt":"2025-09-29T14:57:03","guid":{"rendered":"https:\/\/onordeste.com.br\/?p=135976"},"modified":"2025-09-29T11:57:03","modified_gmt":"2025-09-29T14:57:03","slug":"oab-destaca-legado-de-barroso-a-frente-do-cnj-e-reforca-cooperacao-historica-com-a-advocacia","status":"publish","type":"post","link":"https:\/\/iparaiba.com.br\/index.php\/2025\/09\/29\/oab-destaca-legado-de-barroso-a-frente-do-cnj-e-reforca-cooperacao-historica-com-a-advocacia\/","title":{"rendered":"OAB destaca legado de Barroso \u00e0 frente do CNJ e refor\u00e7a coopera\u00e7\u00e3o hist\u00f3rica com a advocacia"},"content":{"rendered":"<p>A \u00faltima sess\u00e3o do ministro Lu\u00eds Roberto Barroso \u00e0 frente do Conselho Nacional de Justi\u00e7a (CNJ), nesta ter\u00e7a-feira (23\/9), reuniu magistrados, advogados e representantes do sistema OAB para marcar a transi\u00e7\u00e3o na presid\u00eancia do \u00f3rg\u00e3o. A Ordem refor\u00e7ou seu papel na defesa da advocacia e na constru\u00e7\u00e3o de uma Justi\u00e7a mais pr\u00f3xima do cidad\u00e3o.<\/p>\n<p>\u201cO ministro manteve di\u00e1logo constante com a advocacia, reconhecendo a fun\u00e7\u00e3o essencial da classe no sistema de Justi\u00e7a\u201d, destacou o presidente do Conselho Federal, Beto Simonetti. Para ele, a sess\u00e3o evidenciou a coopera\u00e7\u00e3o entre advogados e magistrados e a import\u00e2ncia de manter canais de di\u00e1logo permanentes.<\/p>\n<p>O presidente do CFOAB tamb\u00e9m lembrou que, sob a lideran\u00e7a de Barroso, o CNJ aproximou a Justi\u00e7a do cidad\u00e3o, adotou linguagem mais acess\u00edvel e estruturou programas relevantes. Entre os destaques citados est\u00e1 o Justi\u00e7a 4.0, voltado ao uso respons\u00e1vel da tecnologia. \u201cFoi uma gest\u00e3o marcada pelo respeito e pela constru\u00e7\u00e3o conjunta\u201d, disse Simonetti.<\/p>\n<p>Al\u00e9m do presidente e vice, tamb\u00e9m representaram a Ordem os conselheiros federais Fabr\u00edcio de Castro Oliveira (BA) e Elisa Helena Lesqueves Galante (ES), o procurador-geral da OAB, S\u00e9rgio Leonardo, o procurador nacional de prerrogativas, Alex Sarkis, e os conselheiros do CNJ Marcello Terto e Ulisses Rabaneda.<\/p>\n","protected":false},"excerpt":{"rendered":"<p>A \u00faltima sess\u00e3o do ministro Lu\u00eds Roberto Barroso \u00e0 frente do Conselho Nacional de Justi\u00e7a (CNJ), nesta ter\u00e7a-feira (23\/9), reuniu magistrados, advogados e representantes do sistema OAB para marcar a transi\u00e7\u00e3o na presid\u00eancia do \u00f3rg\u00e3o. A Ordem refor\u00e7ou seu papel na defesa da advocacia e na constru\u00e7\u00e3o de uma Justi\u00e7a mais pr\u00f3xima do cidad\u00e3o. \u201cO &hellip;<\/p>\n","protected":false},"author":1,"featured_media":100750,"comment_status":"open","ping_status":"open","sticky":false,"template":"","format":"standard","meta":{"footnotes":""},"categories":[9],"tags":[],"class_list":["post-136034","post","type-post","status-publish","format-standard","has-post-thumbnail","hentry","category-justica"],"_links":{"self":[{"href":"https:\/\/iparaiba.com.br\/index.php\/wp-json\/wp\/v2\/posts\/136034","targetHints":{"allow":["GET"]}}],"collection":[{"href":"https:\/\/iparaiba.com.br\/index.php\/wp-json\/wp\/v2\/posts"}],"about":[{"href":"https:\/\/iparaiba.com.br\/index.php\/wp-json\/wp\/v2\/types\/post"}],"author":[{"embeddable":true,"href":"https:\/\/iparaiba.com.br\/index.php\/wp-json\/wp\/v2\/users\/1"}],"replies":[{"embeddable":true,"href":"https:\/\/iparaiba.com.br\/index.php\/wp-json\/wp\/v2\/comments?post=136034"}],"version-history":[{"count":0,"href":"https:\/\/iparaiba.com.br\/index.php\/wp-json\/wp\/v2\/posts\/136034\/revisions"}],"wp:featuredmedia":[{"embeddable":true,"href":"https:\/\/iparaiba.com.br\/index.php\/wp-json\/wp\/v2\/media\/100750"}],"wp:attachment":[{"href":"https:\/\/iparaiba.com.br\/index.php\/wp-json\/wp\/v2\/media?parent=136034"}],"wp:term":[{"taxonomy":"category","embeddable":true,"href":"https:\/\/iparaiba.com.br\/index.php\/wp-json\/wp\/v2\/categories?post=136034"},{"taxonomy":"post_tag","embeddable":true,"href":"https:\/\/iparaiba.com.br\/index.php\/wp-json\/wp\/v2\/tags?post=136034"}],"curies":[{"name":"wp","href":"https:\/\/api.w.org\/{rel}","templated":true}]}}