{"id":136033,"date":"2025-09-29T11:55:54","date_gmt":"2025-09-29T14:55:54","guid":{"rendered":"https:\/\/onordeste.com.br\/?p=135974"},"modified":"2025-09-29T11:55:54","modified_gmt":"2025-09-29T14:55:54","slug":"oab-reafirma-interiorizacao-da-advocacia-como-politica-prioritaria-no-1o-encontro-nacional-da-coordenacao","status":"publish","type":"post","link":"https:\/\/iparaiba.com.br\/index.php\/2025\/09\/29\/oab-reafirma-interiorizacao-da-advocacia-como-politica-prioritaria-no-1o-encontro-nacional-da-coordenacao\/","title":{"rendered":"OAB reafirma interioriza\u00e7\u00e3o da advocacia como pol\u00edtica priorit\u00e1ria no 1\u00ba Encontro Nacional da Coordena\u00e7\u00e3o"},"content":{"rendered":"<p>O Conselho Federal da OAB promoveu, nesta quarta-feira (24\/9), o 1\u00ba Encontro dos Coordenadores da Coordena\u00e7\u00e3o Nacional de Interioriza\u00e7\u00e3o da Advocacia da gest\u00e3o 2025-2028, reunindo representantes das 27 seccionais da Ordem. A iniciativa teve como objetivo alinhar estrat\u00e9gias e fortalecer a atua\u00e7\u00e3o conjunta em \u00e2mbito nacional e regional.<\/p>\n<p>Ao abrir o evento, o presidente nacional da OAB, Beto Simonetti, reafirmou que a interioriza\u00e7\u00e3o da advocacia, plano criado em sua primeira gest\u00e3o (2022-20025), \u00e9 uma pauta priorit\u00e1ria e permanente da entidade. \u201cFoi criada em nossa primeira gest\u00e3o e segue como compromisso central da atual diretoria. Essa pauta \u00e9 muito cara, n\u00e3o apenas ao Conselho Federal ou \u00e0 advocacia brasileira, mas a mim pessoalmente, porque conhe\u00e7o de perto as dificuldades do interior do Brasil. S\u00e3o advogadas e advogados que ainda enfrentam barreiras de acesso a servi\u00e7os essenciais da Caixa de Assist\u00eancia, \u00e0s atividades da Escola da Advocacia e at\u00e9 mesmo a uma internet de qualidade\u201d, destacou.<\/p>\n<p>Simonetti, que j\u00e1 percorreu mais de mil munic\u00edpios brasileiros enquanto preside a OAB Nacional, anunciou que seguir\u00e1 viajando, ouvindo e encontrando a advocacia do interior. \u201cEsse trabalho \u00e9 o que nos move a continuar valorizando e fortalecendo cada profissional, independentemente de onde atue. Somos todos advogados e advogadas regidos pelo mesmo Estatuto, submetidos \u00e0s mesmas obriga\u00e7\u00f5es e amparados pelos mesmos direitos que a lei federal nos garante. Essa \u00e9 a marca do nosso compromisso com a advocacia interiorana\u201d, frisou.<\/p>\n<p>O 1\u00ba Encontro foi conduzido pelo coordenador nacional de Interioriza\u00e7\u00e3o da Advocacia, Nivaldo Barbosa, que enfatizou a necessidade de acolher os advogados do interior, fazendo com que se sintam parte do Sistema OAB, e se comprometeu a continuar expandindo o projeto. \u201cO desafio \u00e9 gigante, mas eu tenho certeza de que n\u00f3s temos um time de campe\u00f5es. A palavra de ordem da interioriza\u00e7\u00e3o \u00e9 acolhimento. O advogado do interior precisa se sentir pertencente ao sistema. Esse \u00e9 o nosso maior desafio, eles precisam nos enxergar como advogados como eles\u201d, disse, destacando que o legado de Beto Simonetti \u201cser\u00e1 levado e lembrado em cada rinc\u00e3o deste pa\u00eds\u201d.<\/p>\n","protected":false},"excerpt":{"rendered":"<p>O Conselho Federal da OAB promoveu, nesta quarta-feira (24\/9), o 1\u00ba Encontro dos Coordenadores da Coordena\u00e7\u00e3o Nacional de Interioriza\u00e7\u00e3o da Advocacia da gest\u00e3o 2025-2028, reunindo representantes das 27 seccionais da Ordem. A iniciativa teve como objetivo alinhar estrat\u00e9gias e fortalecer a atua\u00e7\u00e3o conjunta em \u00e2mbito nacional e regional. Ao abrir o evento, o presidente nacional &hellip;<\/p>\n","protected":false},"author":1,"featured_media":99728,"comment_status":"open","ping_status":"open","sticky":false,"template":"","format":"standard","meta":{"footnotes":""},"categories":[9],"tags":[],"class_list":["post-136033","post","type-post","status-publish","format-standard","has-post-thumbnail","hentry","category-justica"],"_links":{"self":[{"href":"https:\/\/iparaiba.com.br\/index.php\/wp-json\/wp\/v2\/posts\/136033","targetHints":{"allow":["GET"]}}],"collection":[{"href":"https:\/\/iparaiba.com.br\/index.php\/wp-json\/wp\/v2\/posts"}],"about":[{"href":"https:\/\/iparaiba.com.br\/index.php\/wp-json\/wp\/v2\/types\/post"}],"author":[{"embeddable":true,"href":"https:\/\/iparaiba.com.br\/index.php\/wp-json\/wp\/v2\/users\/1"}],"replies":[{"embeddable":true,"href":"https:\/\/iparaiba.com.br\/index.php\/wp-json\/wp\/v2\/comments?post=136033"}],"version-history":[{"count":0,"href":"https:\/\/iparaiba.com.br\/index.php\/wp-json\/wp\/v2\/posts\/136033\/revisions"}],"wp:featuredmedia":[{"embeddable":true,"href":"https:\/\/iparaiba.com.br\/index.php\/wp-json\/wp\/v2\/media\/99728"}],"wp:attachment":[{"href":"https:\/\/iparaiba.com.br\/index.php\/wp-json\/wp\/v2\/media?parent=136033"}],"wp:term":[{"taxonomy":"category","embeddable":true,"href":"https:\/\/iparaiba.com.br\/index.php\/wp-json\/wp\/v2\/categories?post=136033"},{"taxonomy":"post_tag","embeddable":true,"href":"https:\/\/iparaiba.com.br\/index.php\/wp-json\/wp\/v2\/tags?post=136033"}],"curies":[{"name":"wp","href":"https:\/\/api.w.org\/{rel}","templated":true}]}}