{"id":136032,"date":"2025-09-29T11:54:45","date_gmt":"2025-09-29T14:54:45","guid":{"rendered":"https:\/\/onordeste.com.br\/?p=135972"},"modified":"2025-09-29T11:54:45","modified_gmt":"2025-09-29T14:54:45","slug":"funasa-saude-tem-cobertura-especial-para-os-servidores-publicos","status":"publish","type":"post","link":"https:\/\/iparaiba.com.br\/index.php\/2025\/09\/29\/funasa-saude-tem-cobertura-especial-para-os-servidores-publicos\/","title":{"rendered":"Funasa Sa\u00fade tem cobertura especial para os servidores p\u00fablicos"},"content":{"rendered":"<p>Os funcion\u00e1rios p\u00fablicos representam uma grande parcela da popula\u00e7\u00e3o da Para\u00edba. Dados do Censo 2022 do Instituto Brasileiro de Geografia e Estat\u00edstica (IBGE) indicam que eles formam um contingente de 225 mil pessoas empregadas no setor p\u00fablico, seja na esfera Federal, Estadual ou Municipal. Pensando nesse p\u00fablico \u00e9 que a Funasa Sa\u00fade buscou atrav\u00e9s de v\u00e1rios conv\u00eanios assistir essa popula\u00e7\u00e3o.<\/p>\n<p>A gerente comercial da Funasa Sa\u00fade, Anacleta Andrade, lembra que \u201catrav\u00e9s de v\u00e1rios conv\u00eanios firmados com entes p\u00fablicos, a Funasa Sa\u00fade disponibiliza planos de sa\u00fade com valores diferenciados para v\u00e1rias categorias de servidores\u201d. E acrescenta que \u201cservidores federais, a exemplo da UFPB, UFCG, IFPB, Minist\u00e9rio da Sa\u00fade, Minist\u00e9rio do Trabalho, servidores estaduais e suas diversas secretarias, bem como, as Prefeituras de Jo\u00e3o Pessoa e Cabedelo t\u00eam benef\u00edcios garantidos atrav\u00e9s desses conv\u00eanios\u201d.<\/p>\n<p>Anacleta Andrade enfatiza que os planos ofertados pela Funasa Sa\u00fade possuem cobertura estadual. Ela ressalta que \u201cesta cobertura em todo estado da Para\u00edba, com acesso a uma rede credenciada composta de mais de 400 prestadores \u00e0 disposi\u00e7\u00e3o do associado, representa uma grande vantagem, visto que a maioria das operadoras trabalham com planos cobertos apenas na grande Jo\u00e3o Pessoa, al\u00e9m de uma rede referenciada como \u2018porta de entrada\u2019, limitando o acesso do usu\u00e1rio ao profissional ou cl\u00ednica de sua prefer\u00eancia\u201d.<\/p>\n<p>Sobre a Funasa Sa\u00fade, Anacleta Andrade lembra que \u201ca Funasa Sa\u00fade opera planos de sa\u00fade na Para\u00edba, h\u00e1 mais de 30 anos. Ela conquistou excelente aceita\u00e7\u00e3o por parte da rede credenciada devido ao respeito aos compromissos assumidos e conta com altos \u00edndices de avalia\u00e7\u00f5es junto \u00e0 ag\u00eancia reguladora ANS\u201d. Ela completa: \u201cAl\u00e9m de planos para servidores p\u00fablicos, a Funasa Sa\u00fade opera tamb\u00e9m planos coletivos empresariais e planos individuais e familiares para o p\u00fablico em geral\u201d.<\/p>\n","protected":false},"excerpt":{"rendered":"<p>Os funcion\u00e1rios p\u00fablicos representam uma grande parcela da popula\u00e7\u00e3o da Para\u00edba. Dados do Censo 2022 do Instituto Brasileiro de Geografia e Estat\u00edstica (IBGE) indicam que eles formam um contingente de 225 mil pessoas empregadas no setor p\u00fablico, seja na esfera Federal, Estadual ou Municipal. Pensando nesse p\u00fablico \u00e9 que a Funasa Sa\u00fade buscou atrav\u00e9s de &hellip;<\/p>\n","protected":false},"author":1,"featured_media":116533,"comment_status":"open","ping_status":"open","sticky":false,"template":"","format":"standard","meta":{"footnotes":""},"categories":[6],"tags":[],"class_list":["post-136032","post","type-post","status-publish","format-standard","has-post-thumbnail","hentry","category-destaques"],"_links":{"self":[{"href":"https:\/\/iparaiba.com.br\/index.php\/wp-json\/wp\/v2\/posts\/136032","targetHints":{"allow":["GET"]}}],"collection":[{"href":"https:\/\/iparaiba.com.br\/index.php\/wp-json\/wp\/v2\/posts"}],"about":[{"href":"https:\/\/iparaiba.com.br\/index.php\/wp-json\/wp\/v2\/types\/post"}],"author":[{"embeddable":true,"href":"https:\/\/iparaiba.com.br\/index.php\/wp-json\/wp\/v2\/users\/1"}],"replies":[{"embeddable":true,"href":"https:\/\/iparaiba.com.br\/index.php\/wp-json\/wp\/v2\/comments?post=136032"}],"version-history":[{"count":0,"href":"https:\/\/iparaiba.com.br\/index.php\/wp-json\/wp\/v2\/posts\/136032\/revisions"}],"wp:featuredmedia":[{"embeddable":true,"href":"https:\/\/iparaiba.com.br\/index.php\/wp-json\/wp\/v2\/media\/116533"}],"wp:attachment":[{"href":"https:\/\/iparaiba.com.br\/index.php\/wp-json\/wp\/v2\/media?parent=136032"}],"wp:term":[{"taxonomy":"category","embeddable":true,"href":"https:\/\/iparaiba.com.br\/index.php\/wp-json\/wp\/v2\/categories?post=136032"},{"taxonomy":"post_tag","embeddable":true,"href":"https:\/\/iparaiba.com.br\/index.php\/wp-json\/wp\/v2\/tags?post=136032"}],"curies":[{"name":"wp","href":"https:\/\/api.w.org\/{rel}","templated":true}]}}