{"id":136031,"date":"2025-09-29T11:53:11","date_gmt":"2025-09-29T14:53:11","guid":{"rendered":"https:\/\/onordeste.com.br\/?p=135970"},"modified":"2025-09-29T11:53:11","modified_gmt":"2025-09-29T14:53:11","slug":"45-anos-do-conselho-regional-de-economia","status":"publish","type":"post","link":"https:\/\/iparaiba.com.br\/index.php\/2025\/09\/29\/45-anos-do-conselho-regional-de-economia\/","title":{"rendered":"45 anos do Conselho Regional de Economia"},"content":{"rendered":"<p align=\"justify\">A C\u00e2mara Municipal de Jo\u00e3o Pessoa (CMJP) realizou uma sess\u00e3o especial conjunta, com a Assembleia Legislativa da Para\u00edba (ALPB), para celebrar os 45 anos do Conselho Regional de Economia da Para\u00edba (Corecon-PB). Na ocasi\u00e3o, tamb\u00e9m foi entregue o T\u00edtulo de Cidad\u00e3o Pessoense ao economista Jo\u00e3o Bosco Ferraz, uma propositura do ex-vereador Bruno Farias. A solenidade foi proposta pelo vereador F\u00e1bio Carneiro e pelo deputado estadual Eduardo Carneiro, ambos do Solidariedade; e foi secretariada pelo vereador Guguinha Moov Jampa (PSD).<\/p>\n<p align=\"justify\">F\u00e1bio Carneiro ressaltou que um dos maiores economistas do pa\u00eds e do mundo, Celso Furtado, \u00e9 brasileiro, natural de Pombal, no interior da Para\u00edba, e enfatizou a import\u00e2ncia da categoria para o desenvolvimento da sociedade, al\u00e9m de exaltar o car\u00e1ter de honradez e profissionalismo do homenageado, Jo\u00e3o Bosco Ferraz. \u201cOs economistas t\u00eam um papel estrat\u00e9gico para o desenvolvimento do Brasil, porque atuam como analistas, planejadores e formuladores de pol\u00edticas p\u00fablicas e privadas, que impactam diretamente na vida do povo. A import\u00e2ncia deles pode ser vista em diferentes dimens\u00f5es: no planejamento econ\u00f4mico, no desenvolvimento, nas pol\u00edticas p\u00fablicas, no mercado, na redu\u00e7\u00e3o de desigualdade, nas crises e instabilidades, no futuro e na inova\u00e7\u00e3o. Em suma, os economistas s\u00e3o indispens\u00e1veis para o crescimento sustent\u00e1vel, para a justi\u00e7a social e para a inser\u00e7\u00e3o competitiva do Brasil no cen\u00e1rio global. \u00c9 uma grande honra estar presidindo esta sess\u00e3o e homenagear esse homem honrado e t\u00e3o profissional\u201d, destacou o vereador.<\/p>\n<p align=\"justify\">O deputado estadual Eduardo Carneiro refor\u00e7ou a import\u00e2ncia do Corecon-PB e das ci\u00eancias econ\u00f4micas na proposi\u00e7\u00e3o de pol\u00edticas e a\u00e7\u00f5es, visando ao desenvolvimento de Jo\u00e3o Pessoa e da Para\u00edba: \u201cSem conhecimento cient\u00edfico e dados, a gente n\u00e3o consegue avan\u00e7ar, nem se aproximar e atender as demandas da popula\u00e7\u00e3o\u201d.<\/p>\n<p align=\"justify\">O Secret\u00e1rio de Desenvolvimento Econ\u00f4mico e Trabalho da Capital, o ex-vereador Bruno Farias, falou sobre a trajet\u00f3ria profissional de Jo\u00e3o Bosco Ferraz e, citando Edmund Burke e Martha Medeiros, descreveu pontos de sorte e de boas escolhas na vida do homenageado. \u201cA economia \u00e9 uma virtude distributiva que consiste n\u00e3o em poupar, mas em escolher, j\u00e1 dizia Edmund Burke. Assim como na economia, a vida consiste em escolhas. Talvez por isso, Martha Medeiros tenha nos ensinado que a felicidade \u00e9 a combina\u00e7\u00e3o de sorte com escolhas bem feitas. Bosco \u00e9 um homem feliz por ter conjugado o bin\u00f4mio sorte com escolhas bem feitas\u201d, afirmou Bruno Farias, citando a sorte do homenageado de ter nascido em uma fam\u00edlia \u00edntegra, com as boas escolhas como a economia como profiss\u00e3o, Jo\u00e3o Pessoa como lar e sua esposa, Norma, como parceira e m\u00e3e de seus filhos, atingindo o \u00e1pice da felicidade.<\/p>\n<p align=\"justify\">\u201cEm seu cora\u00e7\u00e3o, o ritmo j\u00e1 n\u00e3o \u00e9 o frevo, \u00e9 o forr\u00f3. A mo\u00e7a bonita j\u00e1 n\u00e3o \u00e9 mais de Boa Viagem, \u00e9 de Tamba\u00fa. A folia n\u00e3o est\u00e1 mais no Galo da Madrugada, est\u00e1 nas Muri\u00e7ocas do Miramar. Recife \u00e9 um passado de lembran\u00e7as doces e eternas de seus pais e irm\u00e3os, Jo\u00e3o Pessoa \u00e9 um presente cheio de amor e companheirismo ao lado de Norma, e \u00e9 futuro inundado de esperan\u00e7as pelos passos de Renato e Mateus, seus amad\u00edssimos filhos. Em seu cora\u00e7\u00e3o, Recife foi uma imposi\u00e7\u00e3o do destino, Jo\u00e3o Pessoa \u00e9 uma escolha por amor. Recife foi seu ber\u00e7o, Jo\u00e3o Pessoa \u00e9 seu lar. L\u00e1 voc\u00ea \u00e9 visitante, aqui voc\u00ea \u00e9 filho e anfitri\u00e3o, constituiu sua fam\u00edlia, cultivou amizades fraternas, criou seus filhos, construiu carreira de sucesso e fincou suas ra\u00edzes. Por tudo isso, voc\u00ea j\u00e1 \u00e9 pessoense, j\u00e1 escolheu Jo\u00e3o Pessoa como m\u00e3e, como terra amada. Mas, hoje, \u00e9 Jo\u00e3o Pessoa que te escolhe como filho querido, parab\u00e9ns. Orgulhe-se desta cidadania, porque n\u00f3s nos orgulhamos de voc\u00ea\u201d, enfatizou Bruno Farias, propositor da honraria.<\/p>\n","protected":false},"excerpt":{"rendered":"<p>A C\u00e2mara Municipal de Jo\u00e3o Pessoa (CMJP) realizou uma sess\u00e3o especial conjunta, com a Assembleia Legislativa da Para\u00edba (ALPB), para celebrar os 45 anos do Conselho Regional de Economia da Para\u00edba (Corecon-PB). Na ocasi\u00e3o, tamb\u00e9m foi entregue o T\u00edtulo de Cidad\u00e3o Pessoense ao economista Jo\u00e3o Bosco Ferraz, uma propositura do ex-vereador Bruno Farias. A solenidade &hellip;<\/p>\n","protected":false},"author":1,"featured_media":115192,"comment_status":"open","ping_status":"open","sticky":false,"template":"","format":"standard","meta":{"footnotes":""},"categories":[8],"tags":[],"class_list":["post-136031","post","type-post","status-publish","format-standard","has-post-thumbnail","hentry","category-politica"],"_links":{"self":[{"href":"https:\/\/iparaiba.com.br\/index.php\/wp-json\/wp\/v2\/posts\/136031","targetHints":{"allow":["GET"]}}],"collection":[{"href":"https:\/\/iparaiba.com.br\/index.php\/wp-json\/wp\/v2\/posts"}],"about":[{"href":"https:\/\/iparaiba.com.br\/index.php\/wp-json\/wp\/v2\/types\/post"}],"author":[{"embeddable":true,"href":"https:\/\/iparaiba.com.br\/index.php\/wp-json\/wp\/v2\/users\/1"}],"replies":[{"embeddable":true,"href":"https:\/\/iparaiba.com.br\/index.php\/wp-json\/wp\/v2\/comments?post=136031"}],"version-history":[{"count":0,"href":"https:\/\/iparaiba.com.br\/index.php\/wp-json\/wp\/v2\/posts\/136031\/revisions"}],"wp:featuredmedia":[{"embeddable":true,"href":"https:\/\/iparaiba.com.br\/index.php\/wp-json\/wp\/v2\/media\/115192"}],"wp:attachment":[{"href":"https:\/\/iparaiba.com.br\/index.php\/wp-json\/wp\/v2\/media?parent=136031"}],"wp:term":[{"taxonomy":"category","embeddable":true,"href":"https:\/\/iparaiba.com.br\/index.php\/wp-json\/wp\/v2\/categories?post=136031"},{"taxonomy":"post_tag","embeddable":true,"href":"https:\/\/iparaiba.com.br\/index.php\/wp-json\/wp\/v2\/tags?post=136031"}],"curies":[{"name":"wp","href":"https:\/\/api.w.org\/{rel}","templated":true}]}}