{"id":136030,"date":"2025-10-02T18:00:13","date_gmt":"2025-10-02T21:00:13","guid":{"rendered":"https:\/\/onordeste.com.br\/?p=136030"},"modified":"2025-10-02T18:00:13","modified_gmt":"2025-10-02T21:00:13","slug":"ses-realiza-dia-d-de-vacinacao-contra-raiva-animal","status":"publish","type":"post","link":"https:\/\/iparaiba.com.br\/index.php\/2025\/10\/02\/ses-realiza-dia-d-de-vacinacao-contra-raiva-animal\/","title":{"rendered":"SES realiza Dia D de Vacina\u00e7\u00e3o contra raiva animal"},"content":{"rendered":"<p style=\"text-align: left;\" align=\"center\">Um s\u00e1bado de sol foi o dia perfeito para a popula\u00e7\u00e3o sair de casa e vacinar seus pets contra a raiva animal. E foi com o objetivo de prevenir essa doen\u00e7a viral e quase 100% letal que acomete seres humanos e animais dom\u00e9sticos, como c\u00e3es e gatos, que a Secretaria de Estado da Sa\u00fade (SES), por meio da Ger\u00eancia Executiva de Vigil\u00e2ncia em Sa\u00fade (Gevs), realizou o Dia D de Vacina\u00e7\u00e3o contra a Raiva Animal, em toda a Para\u00edba.<\/p>\n<p>De acordo com o chefe da \u00e1rea t\u00e9cnica do N\u00facleo de Controle de Zoonoses da SES, Assis Azevedo, o Dia D de vacina\u00e7\u00e3o antirr\u00e1bica \u00e9 crucial para proteger a popula\u00e7\u00e3o humana, pois c\u00e3es e gatos s\u00e3o a principal fonte de infec\u00e7\u00e3o no ciclo urbano. \u201cA vacina\u00e7\u00e3o tem sido eficaz, resultando em 26 anos sem casos de raiva humana transmitida por c\u00e3es e gatos na Para\u00edba e apenas um caso de raiva canina nos \u00faltimos 5 anos. A \u00fanica forma de evitar a infec\u00e7\u00e3o \u00e9 vacinando os animais. Para aqueles que n\u00e3o puderem vacinar seus pets no Dia D de vacina\u00e7\u00e3o \u00e9 poss\u00edvel buscar a vacina durante a semana na secretaria de sa\u00fade de seu munic\u00edpio\u201d, destacou.<\/p>\n<p>Ao imunizar c\u00e3es e gatos, cria-se uma barreira de prote\u00e7\u00e3o que impede a transmiss\u00e3o da doen\u00e7a para as pessoas, sendo, assim, a principal estrat\u00e9gia de sa\u00fade p\u00fablica para controlar e at\u00e9 eliminar a raiva no ciclo urbano.<\/p>\n","protected":false},"excerpt":{"rendered":"<p>Um s\u00e1bado de sol foi o dia perfeito para a popula\u00e7\u00e3o sair de casa e vacinar seus pets contra a raiva animal. E foi com o objetivo de prevenir essa doen\u00e7a viral e quase 100% letal que acomete seres humanos e animais dom\u00e9sticos, como c\u00e3es e gatos, que a Secretaria de Estado da Sa\u00fade (SES), &hellip;<\/p>\n","protected":false},"author":1,"featured_media":98785,"comment_status":"open","ping_status":"open","sticky":false,"template":"","format":"standard","meta":{"footnotes":""},"categories":[2],"tags":[],"class_list":["post-136030","post","type-post","status-publish","format-standard","has-post-thumbnail","hentry","category-saude"],"_links":{"self":[{"href":"https:\/\/iparaiba.com.br\/index.php\/wp-json\/wp\/v2\/posts\/136030","targetHints":{"allow":["GET"]}}],"collection":[{"href":"https:\/\/iparaiba.com.br\/index.php\/wp-json\/wp\/v2\/posts"}],"about":[{"href":"https:\/\/iparaiba.com.br\/index.php\/wp-json\/wp\/v2\/types\/post"}],"author":[{"embeddable":true,"href":"https:\/\/iparaiba.com.br\/index.php\/wp-json\/wp\/v2\/users\/1"}],"replies":[{"embeddable":true,"href":"https:\/\/iparaiba.com.br\/index.php\/wp-json\/wp\/v2\/comments?post=136030"}],"version-history":[{"count":1,"href":"https:\/\/iparaiba.com.br\/index.php\/wp-json\/wp\/v2\/posts\/136030\/revisions"}],"predecessor-version":[{"id":136059,"href":"https:\/\/iparaiba.com.br\/index.php\/wp-json\/wp\/v2\/posts\/136030\/revisions\/136059"}],"wp:featuredmedia":[{"embeddable":true,"href":"https:\/\/iparaiba.com.br\/index.php\/wp-json\/wp\/v2\/media\/98785"}],"wp:attachment":[{"href":"https:\/\/iparaiba.com.br\/index.php\/wp-json\/wp\/v2\/media?parent=136030"}],"wp:term":[{"taxonomy":"category","embeddable":true,"href":"https:\/\/iparaiba.com.br\/index.php\/wp-json\/wp\/v2\/categories?post=136030"},{"taxonomy":"post_tag","embeddable":true,"href":"https:\/\/iparaiba.com.br\/index.php\/wp-json\/wp\/v2\/tags?post=136030"}],"curies":[{"name":"wp","href":"https:\/\/api.w.org\/{rel}","templated":true}]}}