{"id":136026,"date":"2025-10-02T14:00:06","date_gmt":"2025-10-02T17:00:06","guid":{"rendered":"https:\/\/onordeste.com.br\/?p=136026"},"modified":"2025-10-02T14:00:06","modified_gmt":"2025-10-02T17:00:06","slug":"joao-azevedo-prestigia-comemoracao-dos-116-anos-do-ifpb","status":"publish","type":"post","link":"https:\/\/iparaiba.com.br\/index.php\/2025\/10\/02\/joao-azevedo-prestigia-comemoracao-dos-116-anos-do-ifpb\/","title":{"rendered":"Jo\u00e3o Azev\u00eado prestigia comemora\u00e7\u00e3o dos 116 anos do IFPB"},"content":{"rendered":"<p>O governador Jo\u00e3o Azev\u00eado prestigiou a solenidade alusiva aos 116 anos do Instituto Federal da Para\u00edba (IFPB), ocorrida no pr\u00e9dio da Reitoria da Institui\u00e7\u00e3o, em Jo\u00e3o Pessoa. O evento foi marcado por apresenta\u00e7\u00f5es culturais de grupos de dan\u00e7a de Guarabira e Santa Rita, desfile de moda dos estudantes de Pedras de Fogo, entrega da comenda Coriolano Medeiros \u00e0 professora Ver\u00f4nica Arnaud e homenagem p\u00f3stuma ao ex-servidor Mercyo Costa, posse do auditor do IFPB, Bruno Rodrigues, no N\u00facleo de Integridade e Governan\u00e7a, al\u00e9m do lan\u00e7amento do portal do Egresso, espa\u00e7o de conex\u00e3o com os estudantes que fizeram parte de IFPB.<\/p>\n<p>Na oportunidade, o chefe do Executivo estadual, que recebeu a comenda Br\u00e1ulio Lins &#8211; em refer\u00eancia ao seu irm\u00e3o, que foi professor da \u00e1rea de Mec\u00e2nica e diretor do IFPB, ressaltou a satisfa\u00e7\u00e3o de participar da celebra\u00e7\u00e3o de 116 anos do IFPB, institui\u00e7\u00e3o que fez parte como estudante e professor. \u201cFoi um momento de extrema alegria voltar ao IFPB, rever amigos e companheiros de trabalho e receber essa comenda com o nome do meu irm\u00e3o que tinha um profundo amor pela institui\u00e7\u00e3o. Minha Vida est\u00e1 associada ao Instituto, que entrou na minha trajet\u00f3ria em 1966, quando fiz o Gin\u00e1sio, logo depois o curso t\u00e9cnico e quis o destino que eu fosse professor, lecionando diversas disciplinas, dentre elas Introdu\u00e7\u00e3o \u00e0 Inform\u00e1tica\u201d, lembrou.<\/p>\n<p>O gestor tamb\u00e9m refor\u00e7ou a disponibilidade do Governo da Para\u00edba de continuar celebrando parcerias com o Instituto para assegurar o fortalecimento do ensino t\u00e9cnico no estado. \u201cN\u00f3s reafirmamos o nosso compromisso como governador de manter as parcerias com o IFPB porque eu acredito no ensino t\u00e9cnico e profissionalizante, tanto \u00e9 que temos no estado 157 Escolas Cidad\u00e3s Integrais\u201d, frisou.<\/p>\n<p>A reitora do IFPB, Mary Roberta, afirmou que a institui\u00e7\u00e3o tem se reinventado permanentemente com a contribui\u00e7\u00e3o para a constru\u00e7\u00e3o de um futuro mais promissor para a sociedade. \u201cN\u00f3s celebramos uma evolu\u00e7\u00e3o muito positiva de uma institui\u00e7\u00e3o que est\u00e1 presente no estado com 21 campus, nos fortalecendo cada vez mais no ensino, na pesquisa e na extens\u00e3o, sendo refer\u00eancia na inova\u00e7\u00e3o e o que temos s\u00e3o alunos que est\u00e3o promovendo transforma\u00e7\u00e3o e desenvolvimento. N\u00f3s temos diversas parcerias com institui\u00e7\u00f5es de renome internacional, somos campe\u00f5es mundiais em diversas modalidades nas \u00e1reas de intelig\u00eancia artificial, rob\u00f3tica, al\u00e9m de Ci\u00eancias Humanas\u201d, disse.<\/p>\n<p>Ela tamb\u00e9m evidenciou as parcerias com o Governo do Estado. \u201cN\u00f3s firmamos um conv\u00eanio com a Cagepa que visa levar a Academia para os processos da Cagepa, como o sensoriamento de instrumentos de aferi\u00e7\u00e3o, desenvolvimento de intelig\u00eancia artificial, com 40 estudantes bolsistas. Tamb\u00e9m recebemos a doa\u00e7\u00e3o de um terreno para a constru\u00e7\u00e3o do campus Areia, temos alunos bolsistas na Fapesq, parceria com o Para\u00edba sem Fronteiras, sabendo que estamos trabalhando conjuntamente em prol do desenvolvimento do pa\u00eds e do nosso estado\u201d, acrescentou.<\/p>\n","protected":false},"excerpt":{"rendered":"<p>O governador Jo\u00e3o Azev\u00eado prestigiou a solenidade alusiva aos 116 anos do Instituto Federal da Para\u00edba (IFPB), ocorrida no pr\u00e9dio da Reitoria da Institui\u00e7\u00e3o, em Jo\u00e3o Pessoa. O evento foi marcado por apresenta\u00e7\u00f5es culturais de grupos de dan\u00e7a de Guarabira e Santa Rita, desfile de moda dos estudantes de Pedras de Fogo, entrega da comenda &hellip;<\/p>\n","protected":false},"author":1,"featured_media":107205,"comment_status":"open","ping_status":"open","sticky":false,"template":"","format":"standard","meta":{"footnotes":""},"categories":[11],"tags":[],"class_list":["post-136026","post","type-post","status-publish","format-standard","has-post-thumbnail","hentry","category-educacao"],"_links":{"self":[{"href":"https:\/\/iparaiba.com.br\/index.php\/wp-json\/wp\/v2\/posts\/136026","targetHints":{"allow":["GET"]}}],"collection":[{"href":"https:\/\/iparaiba.com.br\/index.php\/wp-json\/wp\/v2\/posts"}],"about":[{"href":"https:\/\/iparaiba.com.br\/index.php\/wp-json\/wp\/v2\/types\/post"}],"author":[{"embeddable":true,"href":"https:\/\/iparaiba.com.br\/index.php\/wp-json\/wp\/v2\/users\/1"}],"replies":[{"embeddable":true,"href":"https:\/\/iparaiba.com.br\/index.php\/wp-json\/wp\/v2\/comments?post=136026"}],"version-history":[{"count":1,"href":"https:\/\/iparaiba.com.br\/index.php\/wp-json\/wp\/v2\/posts\/136026\/revisions"}],"predecessor-version":[{"id":136057,"href":"https:\/\/iparaiba.com.br\/index.php\/wp-json\/wp\/v2\/posts\/136026\/revisions\/136057"}],"wp:featuredmedia":[{"embeddable":true,"href":"https:\/\/iparaiba.com.br\/index.php\/wp-json\/wp\/v2\/media\/107205"}],"wp:attachment":[{"href":"https:\/\/iparaiba.com.br\/index.php\/wp-json\/wp\/v2\/media?parent=136026"}],"wp:term":[{"taxonomy":"category","embeddable":true,"href":"https:\/\/iparaiba.com.br\/index.php\/wp-json\/wp\/v2\/categories?post=136026"},{"taxonomy":"post_tag","embeddable":true,"href":"https:\/\/iparaiba.com.br\/index.php\/wp-json\/wp\/v2\/tags?post=136026"}],"curies":[{"name":"wp","href":"https:\/\/api.w.org\/{rel}","templated":true}]}}