{"id":136020,"date":"2025-10-02T08:00:33","date_gmt":"2025-10-02T11:00:33","guid":{"rendered":"https:\/\/onordeste.com.br\/?p=136020"},"modified":"2025-10-02T08:00:33","modified_gmt":"2025-10-02T11:00:33","slug":"justica-eleitoral-garante-direito-ao-voto-a-pessoas-com-deficiencia","status":"publish","type":"post","link":"https:\/\/iparaiba.com.br\/index.php\/2025\/10\/02\/justica-eleitoral-garante-direito-ao-voto-a-pessoas-com-deficiencia\/","title":{"rendered":"Justi\u00e7a Eleitoral garante direito ao voto a pessoas com defici\u00eancia"},"content":{"rendered":"<p>O\u202f<a href=\"https:\/\/www.tse.jus.br\/comunicacao\/radio\/2025\/Setembro\/clica-e-confirma-acessibilidade-na-justica-eleitoral-garante-o-direito-ao-voto-de-todas-as-pessoas\">Clica e Confirma desta semana<\/a>\u00a0destaca o compromisso da Justi\u00e7a Eleitoral com a acessibilidade para assegurar a todas as pessoas o direito a votar e tamb\u00e9m de se candidatar. No m\u00eas de setembro, em que o Brasil celebra o\u00a0<a href=\"https:\/\/www.tse.jus.br\/comunicacao\/noticias\/2025\/Setembro\/dia-nacional-de-luta-da-pessoa-com-deficiencia-acoes-da-justica-eleitoral-mostram-que-todo-voto-importa\">Dia Nacional de Luta da Pessoa com Defici\u00eancia (21)<\/a>, e o\u00a0<a href=\"https:\/\/www.tse.jus.br\/comunicacao\/noticias\/2025\/Setembro\/dia-internacional-das-linguas-de-sinais-justica-eleitoral-facilita-acesso-de-deficientes-auditivos-ao-voto\">Dia Internacional das L\u00ednguas de Sinais (23)<\/a>, o programa explica os recursos implantados, por exemplo, na urna eletr\u00f4nica e nas se\u00e7\u00f5es de vota\u00e7\u00e3o para auxiliar as pessoas com defici\u00eancia.<\/p>\n<p>Durante o programa, ser\u00e3o apresentados depoimentos e informa\u00e7\u00f5es sobre o constante trabalho desenvolvido pelo Tribunal Superior Eleitoral (TSE) e pelos tribunais regionais eleitorais (TREs) para adotar mecanismos de inclus\u00e3o do eleitorado com algum tipo de defici\u00eancia.<\/p>\n<p>A urna disp\u00f5e, por exemplo, de teclado em braille, fones de ouvido e a voz sintetizada Let\u00edcia, que orienta pessoas com defici\u00eancia visual na hora da vota\u00e7\u00e3o. Outro importante recurso, na tela do equipamento, \u00e9 a tradu\u00e7\u00e3o, por meio da L\u00edngua Brasileira de Sinais (Libras), para pessoas com defici\u00eancia auditiva. O Clica e Confirma tamb\u00e9m explica como \u00e9 poss\u00edvel pedir transfer\u00eancia para uma se\u00e7\u00e3o eleitoral adaptada com recursos de acessibilidade.<\/p>\n<p>A presidente do TSE, ministra C\u00e1rmen L\u00facia, fala no Clica e Confirma sobre a cria\u00e7\u00e3o do Programa de Acessibilidade da Justi\u00e7a Eleitoral e da Comiss\u00e3o Permanente com o objetivo de propor a\u00e7\u00f5es e adotar medidas que permitam ao eleitorado nessa condi\u00e7\u00e3o exercer com total dignidade a sua cidadania. Um trabalho pioneiro para o fortalecimento da democracia, segundo a ministra.<\/p>\n","protected":false},"excerpt":{"rendered":"<p>O\u202fClica e Confirma desta semana\u00a0destaca o compromisso da Justi\u00e7a Eleitoral com a acessibilidade para assegurar a todas as pessoas o direito a votar e tamb\u00e9m de se candidatar. No m\u00eas de setembro, em que o Brasil celebra o\u00a0Dia Nacional de Luta da Pessoa com Defici\u00eancia (21), e o\u00a0Dia Internacional das L\u00ednguas de Sinais (23), o &hellip;<\/p>\n","protected":false},"author":1,"featured_media":107891,"comment_status":"open","ping_status":"open","sticky":false,"template":"","format":"standard","meta":{"footnotes":""},"categories":[9],"tags":[],"class_list":["post-136020","post","type-post","status-publish","format-standard","has-post-thumbnail","hentry","category-justica"],"_links":{"self":[{"href":"https:\/\/iparaiba.com.br\/index.php\/wp-json\/wp\/v2\/posts\/136020","targetHints":{"allow":["GET"]}}],"collection":[{"href":"https:\/\/iparaiba.com.br\/index.php\/wp-json\/wp\/v2\/posts"}],"about":[{"href":"https:\/\/iparaiba.com.br\/index.php\/wp-json\/wp\/v2\/types\/post"}],"author":[{"embeddable":true,"href":"https:\/\/iparaiba.com.br\/index.php\/wp-json\/wp\/v2\/users\/1"}],"replies":[{"embeddable":true,"href":"https:\/\/iparaiba.com.br\/index.php\/wp-json\/wp\/v2\/comments?post=136020"}],"version-history":[{"count":1,"href":"https:\/\/iparaiba.com.br\/index.php\/wp-json\/wp\/v2\/posts\/136020\/revisions"}],"predecessor-version":[{"id":136054,"href":"https:\/\/iparaiba.com.br\/index.php\/wp-json\/wp\/v2\/posts\/136020\/revisions\/136054"}],"wp:featuredmedia":[{"embeddable":true,"href":"https:\/\/iparaiba.com.br\/index.php\/wp-json\/wp\/v2\/media\/107891"}],"wp:attachment":[{"href":"https:\/\/iparaiba.com.br\/index.php\/wp-json\/wp\/v2\/media?parent=136020"}],"wp:term":[{"taxonomy":"category","embeddable":true,"href":"https:\/\/iparaiba.com.br\/index.php\/wp-json\/wp\/v2\/categories?post=136020"},{"taxonomy":"post_tag","embeddable":true,"href":"https:\/\/iparaiba.com.br\/index.php\/wp-json\/wp\/v2\/tags?post=136020"}],"curies":[{"name":"wp","href":"https:\/\/api.w.org\/{rel}","templated":true}]}}