{"id":136018,"date":"2025-10-02T06:00:00","date_gmt":"2025-10-02T09:00:00","guid":{"rendered":"https:\/\/onordeste.com.br\/?p=136018"},"modified":"2025-10-02T06:00:00","modified_gmt":"2025-10-02T09:00:00","slug":"tse-celebra-dia-nacional-de-luta-da-pessoa-com-deficiencia","status":"publish","type":"post","link":"https:\/\/iparaiba.com.br\/index.php\/2025\/10\/02\/tse-celebra-dia-nacional-de-luta-da-pessoa-com-deficiencia\/","title":{"rendered":"TSE celebra Dia Nacional de Luta da Pessoa com Defici\u00eancia"},"content":{"rendered":"<p>A presidente do Tribunal Superior Eleitoral (TSE), ministra C\u00e1rmen L\u00facia, na abertura da sess\u00e3o de julgamentos celebrou o Dia Nacional de Luta da Pessoa com Defici\u00eancia, comemorado no domingo (21). Na presen\u00e7a dos demais ministros, estudantes e professores de Santa Cruz do Sul, no Rio Grande do Sul, e advogados que acompanhavam a sess\u00e3o, ressaltou que a data foi institu\u00edda por lei, em 2005. Ela destacou que, desde 1982, a data \u00e9 um momento de reflex\u00e3o sobre a situa\u00e7\u00e3o das pessoas com defici\u00eancia, bem como de combate ao preconceito e \u00e0s barreiras sociais.<\/p>\n<p>Na sess\u00e3o, a ministra lembrou que, em 2012, durante sua primeira gest\u00e3o como presidente do TSE, foi institu\u00eddo o Programa de Acessibilidade da Justi\u00e7a Eleitoral, para assegurar elei\u00e7\u00f5es acess\u00edveis e a plena participa\u00e7\u00e3o de pessoas com defici\u00eancia e com qualquer tipo de dificuldade de locomo\u00e7\u00e3o no processo eleitoral. Hoje, o Tribunal possui uma Comiss\u00e3o Permanente de Acessibilidade e Inclus\u00e3o, que trabalha no debate e na proposi\u00e7\u00e3o de a\u00e7\u00f5es para tornar a Justi\u00e7a Eleitoral (JE) ainda mais acess\u00edvel.<\/p>\n<p>A ministra C\u00e1rmen L\u00facia reiterou que a defici\u00eancia \u201cn\u00e3o limita a cidadania\u201d, destacando a relev\u00e2ncia de disponibilizar transporte acess\u00edvel para as pessoas com defici\u00eancia, ampliando a sua autonomia, &#8220;sem depender de um filho ou de um cuidador\u201d, lembrando da import\u00e2ncia de preparar as se\u00e7\u00f5es de vota\u00e7\u00e3o tamb\u00e9m de forma acess\u00edvel. Em seguida, foi apresentado um v\u00eddeo produzido pela Secretaria de Comunica\u00e7\u00e3o e Multim\u00eddia do TSE, em que h\u00e1 esses avan\u00e7os na pr\u00e1tica, incluindo a pr\u00f3pria urna eletr\u00f4nica que conta com mecanismos de acessibilidade\u00a0\u2013 sintetiza\u00e7\u00e3o da voz para pessoas com defici\u00eancia visual e teclas em braille.<\/p>\n","protected":false},"excerpt":{"rendered":"<p>A presidente do Tribunal Superior Eleitoral (TSE), ministra C\u00e1rmen L\u00facia, na abertura da sess\u00e3o de julgamentos celebrou o Dia Nacional de Luta da Pessoa com Defici\u00eancia, comemorado no domingo (21). Na presen\u00e7a dos demais ministros, estudantes e professores de Santa Cruz do Sul, no Rio Grande do Sul, e advogados que acompanhavam a sess\u00e3o, ressaltou &hellip;<\/p>\n","protected":false},"author":1,"featured_media":116667,"comment_status":"open","ping_status":"open","sticky":false,"template":"","format":"standard","meta":{"footnotes":""},"categories":[9],"tags":[],"class_list":["post-136018","post","type-post","status-publish","format-standard","has-post-thumbnail","hentry","category-justica"],"_links":{"self":[{"href":"https:\/\/iparaiba.com.br\/index.php\/wp-json\/wp\/v2\/posts\/136018","targetHints":{"allow":["GET"]}}],"collection":[{"href":"https:\/\/iparaiba.com.br\/index.php\/wp-json\/wp\/v2\/posts"}],"about":[{"href":"https:\/\/iparaiba.com.br\/index.php\/wp-json\/wp\/v2\/types\/post"}],"author":[{"embeddable":true,"href":"https:\/\/iparaiba.com.br\/index.php\/wp-json\/wp\/v2\/users\/1"}],"replies":[{"embeddable":true,"href":"https:\/\/iparaiba.com.br\/index.php\/wp-json\/wp\/v2\/comments?post=136018"}],"version-history":[{"count":1,"href":"https:\/\/iparaiba.com.br\/index.php\/wp-json\/wp\/v2\/posts\/136018\/revisions"}],"predecessor-version":[{"id":136053,"href":"https:\/\/iparaiba.com.br\/index.php\/wp-json\/wp\/v2\/posts\/136018\/revisions\/136053"}],"wp:featuredmedia":[{"embeddable":true,"href":"https:\/\/iparaiba.com.br\/index.php\/wp-json\/wp\/v2\/media\/116667"}],"wp:attachment":[{"href":"https:\/\/iparaiba.com.br\/index.php\/wp-json\/wp\/v2\/media?parent=136018"}],"wp:term":[{"taxonomy":"category","embeddable":true,"href":"https:\/\/iparaiba.com.br\/index.php\/wp-json\/wp\/v2\/categories?post=136018"},{"taxonomy":"post_tag","embeddable":true,"href":"https:\/\/iparaiba.com.br\/index.php\/wp-json\/wp\/v2\/tags?post=136018"}],"curies":[{"name":"wp","href":"https:\/\/api.w.org\/{rel}","templated":true}]}}