{"id":136016,"date":"2025-10-01T18:00:28","date_gmt":"2025-10-01T21:00:28","guid":{"rendered":"https:\/\/onordeste.com.br\/?p=136016"},"modified":"2025-10-01T18:00:28","modified_gmt":"2025-10-01T21:00:28","slug":"beneficio-criado-por-lei-complementar-pode-ser-revogado-por-lei-ordinaria-decide-stf","status":"publish","type":"post","link":"https:\/\/iparaiba.com.br\/index.php\/2025\/10\/01\/beneficio-criado-por-lei-complementar-pode-ser-revogado-por-lei-ordinaria-decide-stf\/","title":{"rendered":"Benef\u00edcio criado por lei complementar pode ser revogado por lei ordin\u00e1ria, decide STF"},"content":{"rendered":"<p>O Supremo Tribunal Federal (STF) decidiu que uma lei ordin\u00e1ria pode revogar benef\u00edcio de servidor p\u00fablico institu\u00eddo por lei complementar que tenha invadido assunto de lei ordin\u00e1ria. A decis\u00e3o foi tomada no julgamento do Recurso Extraordin\u00e1rio com Agravo\u00a0<a href=\"https:\/\/portal.stf.jus.br\/processos\/detalhe.asp?incidente=7072851\" target=\"_blank\" rel=\"noreferrer noopener\"><strong>(ARE) 1521802<\/strong><\/a>, com repercuss\u00e3o geral (Tema 1.352). A tese fixada dever\u00e1 ser aplicada a todos os casos semelhantes em tramita\u00e7\u00e3o na Justi\u00e7a.<\/p>\n<p>A lei ordin\u00e1ria exige maioria simples (metade mais um dos parlamentares presentes na sess\u00e3o) para ser aprovada e trata de assuntos gerais. J\u00e1 a lei complementar requer maioria absoluta (metade mais um do total de integrantes da casa legislativa) e \u00e9 usada quando h\u00e1 determina\u00e7\u00e3o constitucional para tal.<\/p>\n<h5 class=\"wp-block-heading\"><strong>Recurso<\/strong><\/h5>\n<p>No recurso, o Munic\u00edpio de Formiga (MG) questionava decis\u00e3o do Tribunal de Justi\u00e7a de Minas Gerais (TJ-MG) que o condenou ao pagamento de aux\u00edlio-transporte a uma servidora p\u00fablica. O benef\u00edcio foi institu\u00eddo por lei complementar e revogado por lei ordin\u00e1ria. Para o TJ-MG, a revoga\u00e7\u00e3o ou a modifica\u00e7\u00e3o de uma lei s\u00f3 pode ser feita por uma igual.<\/p>\n<p>No STF, o munic\u00edpio argumentava que a Constitui\u00e7\u00e3o n\u00e3o exige lei complementar para esse direito e que, no caso da lei em quest\u00e3o, ela teria apenas forma de lei complementar, mas seu conte\u00fado seria de lei ordin\u00e1ria.<\/p>\n<h5 class=\"wp-block-heading\"><strong>Leis<\/strong><\/h5>\n<p>Ao acolher o recurso, o relator, ministro Edson Fachin, afirmou que a lei complementar municipal, ao disciplinar um benef\u00edcio concedido a servidores p\u00fablicos, tratou de assunto reservado \u00e0 lei ordin\u00e1ria. Ele citou doutrina e precedentes do Supremo no sentido de que a \u00fanica hip\u00f3tese em que uma lei ordin\u00e1ria pode revogar uma lei formalmente complementar \u00e9 quando esta tiver invadido o assunto de lei ordin\u00e1ria.<\/p>\n<h5 class=\"wp-block-heading\"><strong>Simetria<\/strong><\/h5>\n<p>Na avalia\u00e7\u00e3o do ministro, \u00e9 plenamente poss\u00edvel que o artigo 126 do Estatuto dos Profissionais da Educa\u00e7\u00e3o do Munic\u00edpio de Formiga (Lei Complementar 4.494\/2011), que previa o benef\u00edcio, seja revogado por lei ordin\u00e1ria, uma vez que o estatuto tem esse status.<\/p>\n<p>O ARE 1521802 foi julgado na sess\u00e3o virtual encerrada em 12\/9.<\/p>\n<h5 class=\"wp-block-heading\"><strong>Tese<\/strong><\/h5>\n<p>A tese de repercuss\u00e3o geral fixada foi a seguinte:<\/p>\n<p>\u201c\u00c9 poss\u00edvel a revoga\u00e7\u00e3o ou altera\u00e7\u00e3o por lei ordin\u00e1ria de benef\u00edcio institu\u00eddo a servidor p\u00fablico por lei complementar quando materialmente ordin\u00e1ria, observado o princ\u00edpio da simetria.\u201d<\/p>\n<p>STF<\/p>\n","protected":false},"excerpt":{"rendered":"<p>O Supremo Tribunal Federal (STF) decidiu que uma lei ordin\u00e1ria pode revogar benef\u00edcio de servidor p\u00fablico institu\u00eddo por lei complementar que tenha invadido assunto de lei ordin\u00e1ria. A decis\u00e3o foi tomada no julgamento do Recurso Extraordin\u00e1rio com Agravo\u00a0(ARE) 1521802, com repercuss\u00e3o geral (Tema 1.352). A tese fixada dever\u00e1 ser aplicada a todos os casos semelhantes &hellip;<\/p>\n","protected":false},"author":1,"featured_media":97552,"comment_status":"open","ping_status":"open","sticky":false,"template":"","format":"standard","meta":{"footnotes":""},"categories":[9],"tags":[],"class_list":["post-136016","post","type-post","status-publish","format-standard","has-post-thumbnail","hentry","category-justica"],"_links":{"self":[{"href":"https:\/\/iparaiba.com.br\/index.php\/wp-json\/wp\/v2\/posts\/136016","targetHints":{"allow":["GET"]}}],"collection":[{"href":"https:\/\/iparaiba.com.br\/index.php\/wp-json\/wp\/v2\/posts"}],"about":[{"href":"https:\/\/iparaiba.com.br\/index.php\/wp-json\/wp\/v2\/types\/post"}],"author":[{"embeddable":true,"href":"https:\/\/iparaiba.com.br\/index.php\/wp-json\/wp\/v2\/users\/1"}],"replies":[{"embeddable":true,"href":"https:\/\/iparaiba.com.br\/index.php\/wp-json\/wp\/v2\/comments?post=136016"}],"version-history":[{"count":1,"href":"https:\/\/iparaiba.com.br\/index.php\/wp-json\/wp\/v2\/posts\/136016\/revisions"}],"predecessor-version":[{"id":136052,"href":"https:\/\/iparaiba.com.br\/index.php\/wp-json\/wp\/v2\/posts\/136016\/revisions\/136052"}],"wp:featuredmedia":[{"embeddable":true,"href":"https:\/\/iparaiba.com.br\/index.php\/wp-json\/wp\/v2\/media\/97552"}],"wp:attachment":[{"href":"https:\/\/iparaiba.com.br\/index.php\/wp-json\/wp\/v2\/media?parent=136016"}],"wp:term":[{"taxonomy":"category","embeddable":true,"href":"https:\/\/iparaiba.com.br\/index.php\/wp-json\/wp\/v2\/categories?post=136016"},{"taxonomy":"post_tag","embeddable":true,"href":"https:\/\/iparaiba.com.br\/index.php\/wp-json\/wp\/v2\/tags?post=136016"}],"curies":[{"name":"wp","href":"https:\/\/api.w.org\/{rel}","templated":true}]}}