{"id":136012,"date":"2025-10-01T12:00:07","date_gmt":"2025-10-01T15:00:07","guid":{"rendered":"https:\/\/onordeste.com.br\/?p=136012"},"modified":"2025-10-01T12:00:07","modified_gmt":"2025-10-01T15:00:07","slug":"familias-de-criancas-vitimas-do-zika-virus-comecam-a-receber-indenizacao","status":"publish","type":"post","link":"https:\/\/iparaiba.com.br\/index.php\/2025\/10\/01\/familias-de-criancas-vitimas-do-zika-virus-comecam-a-receber-indenizacao\/","title":{"rendered":"Fam\u00edlias de crian\u00e7as v\u00edtimas do Zika v\u00edrus come\u00e7am a receber indeniza\u00e7\u00e3o"},"content":{"rendered":"<p style=\"font-weight: 600;\">A partir desta segunda-feira (29\/9), o Governo Federal inicia o pagamento da indeniza\u00e7\u00e3o por dano moral para pessoas nascidas no Brasil com defici\u00eancia permanente causada pela s\u00edndrome cong\u00eanita associada \u00e0 infec\u00e7\u00e3o pelo v\u00edrus Zika durante a gravidez.<\/p>\n<p style=\"font-weight: 600;\">Fam\u00edlias com crian\u00e7as nascidas entre 1\u00ba de janeiro de 2015 e 31 de dezembro de 2019 e que j\u00e1 recebem pens\u00e3o especial de um sal\u00e1rio m\u00ednimo prevista por s\u00e3o as primeiras beneficiadas.<\/p>\n<p style=\"font-weight: 600;\">A indeniza\u00e7\u00e3o ser\u00e1 paga em parcela \u00fanica, na mesma conta banc\u00e1ria onde a pens\u00e3o \u00e9 depositada. Quem j\u00e1 fez o pedido de indeniza\u00e7\u00e3o neste ano n\u00e3o precisa apresentar novos documentos ou refazer a solicita\u00e7\u00e3o. Se a fam\u00edlia j\u00e1 tiver recebido valor judicial pelo mesmo motivo, ser\u00e1 preciso optar por um dos benef\u00edcios, pois n\u00e3o \u00e9 permitido acumular os dois.<\/p>\n<p style=\"font-weight: 600;\">De acordo com a norma, crian\u00e7as nascidas no Brasil com defici\u00eancia permanente causada pela s\u00edndrome cong\u00eanita associada \u00e0 infec\u00e7\u00e3o pelo v\u00edrus Zika durante a gesta\u00e7\u00e3o ter\u00e3o direito a:<\/p>\n<p style=\"font-weight: 600;\">&#8211; Indeniza\u00e7\u00e3o por dano moral: paga em parcela \u00fanica no valor de R$ 50 mil;<\/p>\n<p style=\"font-weight: 600;\">&#8211; Pens\u00e3o especial: benef\u00edcio mensal e vital\u00edcio, no valor equivalente ao maior sal\u00e1rio de benef\u00edcio do Regime Geral de Previd\u00eancia Social (RGPS), atualmente em R$ 8.157,41.<\/p>\n<p style=\"font-weight: 600;\">As pessoas que tamb\u00e9m t\u00eam direito, mas ainda n\u00e3o recebem essa pens\u00e3o especial, ter\u00e3o a indeniza\u00e7\u00e3o liberada em data futura que ser\u00e1 divulgada pelos canais oficiais do INSS.<\/p>\n<p style=\"font-weight: 600;\">O pagamento da indeniza\u00e7\u00e3o \u00e9 um direito previsto em lei e representa o reconhecimento da luta dessas fam\u00edlias ao longo dos \u00faltimos anos. O Governo Federal est\u00e1 ao lado de cada uma delas para garantir respeito, repara\u00e7\u00e3o e dignidade\u201d, afirmou o presidente do INSS, Gilberto Waller<\/p>\n<p style=\"font-weight: 600;\">O Minist\u00e9rio da Sa\u00fade j\u00e1 identificou 1.828 crian\u00e7as com s\u00edndrome cong\u00eanita associada ao v\u00edrus Zika entre 2015 e 2023.<\/p>\n<p style=\"font-weight: 600;\">Como ser\u00e1 o pagamento da indeniza\u00e7\u00e3o?<\/p>\n<p style=\"font-weight: 600;\">&#8211; Em parcela \u00fanica.<\/p>\n<p style=\"font-weight: 600;\">Corre\u00e7\u00e3o:\u00a0o valor ser\u00e1 corrigido pela infla\u00e7\u00e3o, calculada pelo IBGE, a partir de 2 de julho de 2025 at\u00e9 o dia do pagamento.<\/p>\n<p style=\"font-weight: 600;\">&#8211; Isen\u00e7\u00e3o:\u00a0a indeniza\u00e7\u00e3o \u00e9 isenta de Imposto de Renda.<\/p>\n<p style=\"font-weight: 600;\">Pens\u00e3o especial vital\u00edcia<\/p>\n<p style=\"font-weight: 600;\">Al\u00e9m da indeniza\u00e7\u00e3o, as fam\u00edlias tamb\u00e9m ter\u00e3o direito a uma pens\u00e3o especial. O valor corresponde ao maior benef\u00edcio pago pela Previd\u00eancia Social, e ser\u00e1 depositado todos os meses, durante toda a vida da pessoa beneficiada.<\/p>\n<p style=\"font-weight: 600;\">Essa pens\u00e3o ainda conta com:<\/p>\n<p style=\"font-weight: 600;\">&#8211; Abono anual:\u00a0ser\u00e1 calculado da mesma forma que o d\u00e9cimo terceiro dos trabalhadores;<\/p>\n<p style=\"font-weight: 600;\">&#8211; Corre\u00e7\u00e3o:\u00a0o valor ser\u00e1 atualizado pelos mesmos \u00edndices e crit\u00e9rios aplicados aos demais benef\u00edcios da Previd\u00eancia Social;<\/p>\n<p style=\"font-weight: 600;\">&#8211; Sem tributa\u00e7\u00e3o:\u00a0isen\u00e7\u00e3o de Imposto de Renda.<\/p>\n<p style=\"font-weight: 600;\">O INSS vai divulgar posteriormente tanto a data do primeiro pagamento da pens\u00e3o especial quanto o calend\u00e1rio completo de repasses.<\/p>\n<p style=\"font-weight: 600;\">Como comprovar o direito?<\/p>\n<p style=\"font-weight: 600;\">O INSS j\u00e1 est\u00e1 recebendo os pedidos de pens\u00e3o especial e de indeniza\u00e7\u00e3o por dano moral. A solicita\u00e7\u00e3o pode ser feita de forma pr\u00e1tica pelo\u00a0<a href=\"https:\/\/www.gov.br\/inss\/pt-br\/canais_atendimento\/meu-inss\/meu-inss\" data-linktype=\"external\" data-val=\"https:\/\/www.gov.br\/inss\/pt-br\/canais_atendimento\/meu-inss\/meu-inss\">aplicativo Meu INSS<\/a>\u00a0(preferencialmente) ou pela Central 135. N\u00e3o \u00e9 necess\u00e1rio comparecer a uma ag\u00eancia f\u00edsica, somente se houver convoca\u00e7\u00e3o do pr\u00f3prio Instituto.<\/p>\n<p style=\"font-weight: 600;\">Documentos exigidos<\/p>\n<p style=\"font-weight: 600;\">&#8211; Documento de identifica\u00e7\u00e3o e CPF da pessoa com defici\u00eancia e de seu representante legal;<\/p>\n<p style=\"font-weight: 600;\">&#8211; Laudo m\u00e9dico emitido por junta m\u00e9dica (p\u00fablica ou privada) respons\u00e1vel pelo acompanhamento da pessoa com defici\u00eancia.<\/p>\n<p style=\"font-weight: 600;\">Como deve ser o laudo m\u00e9dico?<\/p>\n<p style=\"font-weight: 600;\">O laudo m\u00e9dico deve ser preenchido de forma clara, sem rasuras, em formul\u00e1rio padronizado e conter:<\/p>\n<p style=\"font-weight: 600;\">&#8211; Identifica\u00e7\u00e3o do paciente, diagn\u00f3stico cl\u00ednico e hist\u00f3rico de acompanhamento m\u00e9dico;<\/p>\n<p style=\"font-weight: 600;\">&#8211; Observ\u00e2ncia dos crit\u00e9rios diagn\u00f3sticos da s\u00edndrome, estabelecidos em protocolos oficiais do Minist\u00e9rio da Sa\u00fade;<\/p>\n<p style=\"font-weight: 600;\">&#8211; Registro expresso da exist\u00eancia da defici\u00eancia;<\/p>\n<p style=\"font-weight: 600;\">&#8211; Assinatura, n\u00famero de registro no conselho de classe e carimbo leg\u00edvel de todos os m\u00e9dicos integrantes da junta.<\/p>\n<p style=\"font-weight: 600;\">Tamb\u00e9m devem ser anexados exames complementares, relat\u00f3rios m\u00e9dicos e outros documentos que comprovem a s\u00edndrome. O laudo ser\u00e1 analisado pela Per\u00edcia M\u00e9dica Federal, que precisa confirmar a condi\u00e7\u00e3o de defici\u00eancia permanente associada ao v\u00edrus.<\/p>\n<p style=\"font-weight: 600;\">Importante:\u00a0Fam\u00edlias que j\u00e1 recebem a pens\u00e3o especial por lei est\u00e3o dispensadas de apresentar novo laudo.<\/p>\n<p style=\"font-weight: 600;\">Orienta\u00e7\u00f5es para o envio<\/p>\n<p style=\"font-weight: 600;\">&#8211; No pedido, especificar que se trata de\u00a0\u201cparcela \u00fanica e pens\u00e3o especial \u2013 s\u00edndrome cong\u00eanita do v\u00edrus Zika\u201d;<\/p>\n<p style=\"font-weight: 600;\">&#8211; Enviar os arquivos em cores, nos formatos PDF ou imagem;<\/p>\n<p style=\"font-weight: 600;\">&#8211; Respeitar o limite de 5 MB por arquivo e at\u00e9 50 MB no total.<\/p>\n<p style=\"font-weight: 600;\">Canais oficiais de atendimento<\/p>\n<p style=\"font-weight: 600;\">O INSS n\u00e3o envia links por WhatsApp, SMS ou\u00a0e-mail\u00a0sobre indeniza\u00e7\u00f5es. Todo contato oficial \u00e9 feito somente pelo aplicativo Meu INSS, pelo site gov.br\/inss e pela Central 135.<\/p>\n<p style=\"font-weight: 600;\">O Governo Federal reafirma seu compromisso de respeito, repara\u00e7\u00e3o e acolhimento \u00e0s fam\u00edlias atingidas pelo Zika v\u00edrus, garantindo que seus direitos sejam plenamente reconhecidos e assegurados.<\/p>\n<p><a style=\"font-weight: 500;\" href=\"https:\/\/www.gov.br\/inss\/pt-br\/assuntos\/governo-federal-comeca-a-pagar-indenizacao-a-vitimas-do-zika-virus\">Link: https:\/\/www.gov.br\/inss\/pt-br\/assuntos\/governo-federal-comeca-a-pagar-indenizacao-a-vitimas-do-zika-virus<\/a><\/p>\n","protected":false},"excerpt":{"rendered":"<p>A partir desta segunda-feira (29\/9), o Governo Federal inicia o pagamento da indeniza\u00e7\u00e3o por dano moral para pessoas nascidas no Brasil com defici\u00eancia permanente causada pela s\u00edndrome cong\u00eanita associada \u00e0 infec\u00e7\u00e3o pelo v\u00edrus Zika durante a gravidez. Fam\u00edlias com crian\u00e7as nascidas entre 1\u00ba de janeiro de 2015 e 31 de dezembro de 2019 e que &hellip;<\/p>\n","protected":false},"author":1,"featured_media":118795,"comment_status":"open","ping_status":"open","sticky":false,"template":"","format":"standard","meta":{"footnotes":""},"categories":[10],"tags":[],"class_list":["post-136012","post","type-post","status-publish","format-standard","has-post-thumbnail","hentry","category-manchetes"],"_links":{"self":[{"href":"https:\/\/iparaiba.com.br\/index.php\/wp-json\/wp\/v2\/posts\/136012","targetHints":{"allow":["GET"]}}],"collection":[{"href":"https:\/\/iparaiba.com.br\/index.php\/wp-json\/wp\/v2\/posts"}],"about":[{"href":"https:\/\/iparaiba.com.br\/index.php\/wp-json\/wp\/v2\/types\/post"}],"author":[{"embeddable":true,"href":"https:\/\/iparaiba.com.br\/index.php\/wp-json\/wp\/v2\/users\/1"}],"replies":[{"embeddable":true,"href":"https:\/\/iparaiba.com.br\/index.php\/wp-json\/wp\/v2\/comments?post=136012"}],"version-history":[{"count":1,"href":"https:\/\/iparaiba.com.br\/index.php\/wp-json\/wp\/v2\/posts\/136012\/revisions"}],"predecessor-version":[{"id":136050,"href":"https:\/\/iparaiba.com.br\/index.php\/wp-json\/wp\/v2\/posts\/136012\/revisions\/136050"}],"wp:featuredmedia":[{"embeddable":true,"href":"https:\/\/iparaiba.com.br\/index.php\/wp-json\/wp\/v2\/media\/118795"}],"wp:attachment":[{"href":"https:\/\/iparaiba.com.br\/index.php\/wp-json\/wp\/v2\/media?parent=136012"}],"wp:term":[{"taxonomy":"category","embeddable":true,"href":"https:\/\/iparaiba.com.br\/index.php\/wp-json\/wp\/v2\/categories?post=136012"},{"taxonomy":"post_tag","embeddable":true,"href":"https:\/\/iparaiba.com.br\/index.php\/wp-json\/wp\/v2\/tags?post=136012"}],"curies":[{"name":"wp","href":"https:\/\/api.w.org\/{rel}","templated":true}]}}