{"id":136010,"date":"2025-10-01T10:00:29","date_gmt":"2025-10-01T13:00:29","guid":{"rendered":"https:\/\/onordeste.com.br\/?p=136010"},"modified":"2025-10-01T10:00:29","modified_gmt":"2025-10-01T13:00:29","slug":"desenvolvimento-social-aprova-estrategia-para-reduzir-desperdicios-de-alimentos","status":"publish","type":"post","link":"https:\/\/iparaiba.com.br\/index.php\/2025\/10\/01\/desenvolvimento-social-aprova-estrategia-para-reduzir-desperdicios-de-alimentos\/","title":{"rendered":"Desenvolvimento Social aprova estrat\u00e9gia para reduzir desperd\u00edcios de alimentos"},"content":{"rendered":"<p>Na data em que se celebra o Dia Internacional de Conscientiza\u00e7\u00e3o sobre Perdas e Desperd\u00edcios de Alimentos, o Governo do Brasil, por meio do Minist\u00e9rio do Desenvolvimento e Assist\u00eancia Social, Fam\u00edlia e Combate \u00e0 Fome, aprovou a II Estrat\u00e9gia Intersetorial para a Redu\u00e7\u00e3o de Perdas e Desperd\u00edcio de Alimentos no Brasil. O processo de elabora\u00e7\u00e3o ocorreu no \u00e2mbito da C\u00e2mara Interministerial de Seguran\u00e7a Alimentar e Nutricional (Caisan), com a participa\u00e7\u00e3o de gestores de diversos minist\u00e9rios, especialistas, representantes da sociedade civil e do setor privado.<\/p>\n<p>A Estrat\u00e9gia integra a Pol\u00edtica Nacional de Seguran\u00e7a Alimentar e Nutricional (PNSAN) e tem como objetivo reduzir perdas e desperd\u00edcios desde a produ\u00e7\u00e3o at\u00e9 o consumo de alimentos, contribuindo para a garantia do direito humano \u00e0 alimenta\u00e7\u00e3o adequada e saud\u00e1vel.<\/p>\n<p>A iniciativa est\u00e1 alinhada \u00e0 meta do Objetivo de Desenvolvimento Sustent\u00e1vel 12.3 (ODS) da ONU, que prev\u00ea, at\u00e9 2030, reduzir pela metade o desperd\u00edcio de alimentos por pessoa, nos n\u00edveis de varejo e do consumidor, e reduzir as perdas de alimentos ao longo das cadeias de produ\u00e7\u00e3o e abastecimento, incluindo as perdas p\u00f3s-colheita.<\/p>\n<p>De acordo com n\u00fameros divulgados em mar\u00e7o de 2024 pelo Programa das Na\u00e7\u00f5es Unidas para o Meio Ambiente (PNUMA), 1,05 bilh\u00e3o de toneladas de alimentos foram desperdi\u00e7adas no planeta em 2022, o equivalente a 132 kg por pessoa e quase um quinto dos alimentos dispon\u00edveis para consumo.<\/p>\n<p>Segundo a Organiza\u00e7\u00e3o das Na\u00e7\u00f5es Unidas para a Alimenta\u00e7\u00e3o e Agricultura (FAO), as perdas de alimentos em processos de p\u00f3s-colheita, transporte, armazenamento, atacado e processamento s\u00e3o estimadas em 13,2% em todo o mundo, \u00edndice semelhante ao registrado em 2020 (13,3%) e em 2016 (13%). O levantamento registra, ainda, que 60% do desperd\u00edcio acontece nos domic\u00edlios, seguido pelos servi\u00e7os de alimenta\u00e7\u00e3o (28%) e pelo varejo (12%).<\/p>\n","protected":false},"excerpt":{"rendered":"<p>Na data em que se celebra o Dia Internacional de Conscientiza\u00e7\u00e3o sobre Perdas e Desperd\u00edcios de Alimentos, o Governo do Brasil, por meio do Minist\u00e9rio do Desenvolvimento e Assist\u00eancia Social, Fam\u00edlia e Combate \u00e0 Fome, aprovou a II Estrat\u00e9gia Intersetorial para a Redu\u00e7\u00e3o de Perdas e Desperd\u00edcio de Alimentos no Brasil. O processo de elabora\u00e7\u00e3o &hellip;<\/p>\n","protected":false},"author":1,"featured_media":107995,"comment_status":"open","ping_status":"open","sticky":false,"template":"","format":"standard","meta":{"footnotes":""},"categories":[6],"tags":[],"class_list":["post-136010","post","type-post","status-publish","format-standard","has-post-thumbnail","hentry","category-destaques"],"_links":{"self":[{"href":"https:\/\/iparaiba.com.br\/index.php\/wp-json\/wp\/v2\/posts\/136010","targetHints":{"allow":["GET"]}}],"collection":[{"href":"https:\/\/iparaiba.com.br\/index.php\/wp-json\/wp\/v2\/posts"}],"about":[{"href":"https:\/\/iparaiba.com.br\/index.php\/wp-json\/wp\/v2\/types\/post"}],"author":[{"embeddable":true,"href":"https:\/\/iparaiba.com.br\/index.php\/wp-json\/wp\/v2\/users\/1"}],"replies":[{"embeddable":true,"href":"https:\/\/iparaiba.com.br\/index.php\/wp-json\/wp\/v2\/comments?post=136010"}],"version-history":[{"count":1,"href":"https:\/\/iparaiba.com.br\/index.php\/wp-json\/wp\/v2\/posts\/136010\/revisions"}],"predecessor-version":[{"id":136049,"href":"https:\/\/iparaiba.com.br\/index.php\/wp-json\/wp\/v2\/posts\/136010\/revisions\/136049"}],"wp:featuredmedia":[{"embeddable":true,"href":"https:\/\/iparaiba.com.br\/index.php\/wp-json\/wp\/v2\/media\/107995"}],"wp:attachment":[{"href":"https:\/\/iparaiba.com.br\/index.php\/wp-json\/wp\/v2\/media?parent=136010"}],"wp:term":[{"taxonomy":"category","embeddable":true,"href":"https:\/\/iparaiba.com.br\/index.php\/wp-json\/wp\/v2\/categories?post=136010"},{"taxonomy":"post_tag","embeddable":true,"href":"https:\/\/iparaiba.com.br\/index.php\/wp-json\/wp\/v2\/tags?post=136010"}],"curies":[{"name":"wp","href":"https:\/\/api.w.org\/{rel}","templated":true}]}}