{"id":136008,"date":"2025-10-01T08:00:43","date_gmt":"2025-10-01T11:00:43","guid":{"rendered":"https:\/\/onordeste.com.br\/?p=136008"},"modified":"2025-10-01T08:00:43","modified_gmt":"2025-10-01T11:00:43","slug":"haddad-diz-esperar-debate-racional-sobre-tarifaco-entre-brasil-e-eua","status":"publish","type":"post","link":"https:\/\/iparaiba.com.br\/index.php\/2025\/10\/01\/haddad-diz-esperar-debate-racional-sobre-tarifaco-entre-brasil-e-eua\/","title":{"rendered":"Haddad diz esperar debate racional sobre tarifa\u00e7o entre Brasil e EUA"},"content":{"rendered":"<p>O ministro da Fazenda, Fernando Haddad, afirmou, nesta segunda-feira (29\/9), que os Estados Unidos deram um \u201ctiro no p\u00e9\u201d ao impor tarifa de 50% aos produtos brasileiros exportados para o pa\u00eds norte-americano. Haddad avaliou que foi criado um clima artificial de animosidade entre Brasil e Estados Unidos e diz ter a expectativa de que se inicie uma conversa racional sobre o tarifa\u00e7o.<\/p>\n<p>No \u00faltimo dia 23, o presidente Lula e o presidente dos Estados Unidos, Donald Trump, se encontraram brevemente durante a Assembleia Geral das Na\u00e7\u00f5es Unidas, em Nova York, e trataram de um poss\u00edvel encontro para discutir economia.<\/p>\n<p>\u201cAcho que foi um tiro no p\u00e9 deles, totalmente um tiro no p\u00e9, inclusive para a economia americana. N\u00e3o faz o menor sentido pagar mais caro o caf\u00e9, a carne. Eu quero crer que vai se iniciar, em algum momento, um debate racional, primeiro separando o que \u00e9 econ\u00f4mico do que \u00e9 pol\u00edtico\u201d, disse ao participar da Confer\u00eancia Ita\u00fa BBA Macro Vision 2025.<\/p>\n<p>\u201cTentar usar tarifa como arma pol\u00edtica, na minha opini\u00e3o, \u00e9 um equ\u00edvoco que deveria ser corrigido o quanto antes e estamos trabalhando nessa dire\u00e7\u00e3o, primeiro para explicar como funcionam os poderes no Brasil\u201d, disse o ministro.<\/p>\n<p>A avalia\u00e7\u00e3o de Fernando Haddad \u00e9 de que o bom senso vai prevalecer e os dois pa\u00edses v\u00e3o encontrar o caminho da negocia\u00e7\u00e3o. Ele lembrou que, embora o Congresso Nacional brasileiro tenha aprovado a Lei da Reciprocidade Econ\u00f4mica, o governo n\u00e3o adotou contramedidas tarif\u00e1rias contra os Estados Unidos e segue na busca por di\u00e1logo.<\/p>\n","protected":false},"excerpt":{"rendered":"<p>O ministro da Fazenda, Fernando Haddad, afirmou, nesta segunda-feira (29\/9), que os Estados Unidos deram um \u201ctiro no p\u00e9\u201d ao impor tarifa de 50% aos produtos brasileiros exportados para o pa\u00eds norte-americano. Haddad avaliou que foi criado um clima artificial de animosidade entre Brasil e Estados Unidos e diz ter a expectativa de que se &hellip;<\/p>\n","protected":false},"author":1,"featured_media":110692,"comment_status":"open","ping_status":"open","sticky":false,"template":"","format":"standard","meta":{"footnotes":""},"categories":[18],"tags":[],"class_list":["post-136008","post","type-post","status-publish","format-standard","has-post-thumbnail","hentry","category-brasil"],"_links":{"self":[{"href":"https:\/\/iparaiba.com.br\/index.php\/wp-json\/wp\/v2\/posts\/136008","targetHints":{"allow":["GET"]}}],"collection":[{"href":"https:\/\/iparaiba.com.br\/index.php\/wp-json\/wp\/v2\/posts"}],"about":[{"href":"https:\/\/iparaiba.com.br\/index.php\/wp-json\/wp\/v2\/types\/post"}],"author":[{"embeddable":true,"href":"https:\/\/iparaiba.com.br\/index.php\/wp-json\/wp\/v2\/users\/1"}],"replies":[{"embeddable":true,"href":"https:\/\/iparaiba.com.br\/index.php\/wp-json\/wp\/v2\/comments?post=136008"}],"version-history":[{"count":1,"href":"https:\/\/iparaiba.com.br\/index.php\/wp-json\/wp\/v2\/posts\/136008\/revisions"}],"predecessor-version":[{"id":136048,"href":"https:\/\/iparaiba.com.br\/index.php\/wp-json\/wp\/v2\/posts\/136008\/revisions\/136048"}],"wp:featuredmedia":[{"embeddable":true,"href":"https:\/\/iparaiba.com.br\/index.php\/wp-json\/wp\/v2\/media\/110692"}],"wp:attachment":[{"href":"https:\/\/iparaiba.com.br\/index.php\/wp-json\/wp\/v2\/media?parent=136008"}],"wp:term":[{"taxonomy":"category","embeddable":true,"href":"https:\/\/iparaiba.com.br\/index.php\/wp-json\/wp\/v2\/categories?post=136008"},{"taxonomy":"post_tag","embeddable":true,"href":"https:\/\/iparaiba.com.br\/index.php\/wp-json\/wp\/v2\/tags?post=136008"}],"curies":[{"name":"wp","href":"https:\/\/api.w.org\/{rel}","templated":true}]}}