{"id":136006,"date":"2025-10-01T08:00:15","date_gmt":"2025-10-01T11:00:15","guid":{"rendered":"https:\/\/onordeste.com.br\/?p=136006"},"modified":"2025-10-01T08:00:15","modified_gmt":"2025-10-01T11:00:15","slug":"33-novas-unidades-de-saude-e-13-medicos-pelo-programa-agora-tem-especialistas","status":"publish","type":"post","link":"https:\/\/iparaiba.com.br\/index.php\/2025\/10\/01\/33-novas-unidades-de-saude-e-13-medicos-pelo-programa-agora-tem-especialistas\/","title":{"rendered":"33 novas unidades de sa\u00fade e 13 m\u00e9dicos pelo Programa Agora Tem Especialistas"},"content":{"rendered":"<p>Os pacientes do Sistema \u00danico de Sa\u00fade (SUS) da Para\u00edba ter\u00e3o \u00e0 sua disposi\u00e7\u00e3o 33 novas unidades de atendimento, distribu\u00eddas em 31 munic\u00edpios , al\u00e9m da chegada de 13 m\u00e9dicos especialistas que j\u00e1 come\u00e7aram a atuar em tr\u00eas cidades. O an\u00fancio foi feito pelo Minist\u00e9rio da Sa\u00fade esta semana, com a libera\u00e7\u00e3o de R$ 78,6 milh\u00f5es para a execu\u00e7\u00e3o das obras no estado.<\/p>\n<p>Estes novos espa\u00e7os fazem parte do Novo PAC Sele\u00e7\u00f5es 2025 e incluem 28 Unidades B\u00e1sicas de Sa\u00fade (UBS), que ir\u00e3o fortalecer a Aten\u00e7\u00e3o Prim\u00e1ria, al\u00e9m de quatro Centros de Aten\u00e7\u00e3o Psicossocial (CAPS) e uma Policl\u00ednica. O objetivo \u00e9 reduzir a sobrecarga da Aten\u00e7\u00e3o Especializada e ampliar o acesso da popula\u00e7\u00e3o aos servi\u00e7os de sa\u00fade.<\/p>\n<p>\u00c0 medida que se soma \u00e0 chegada de 13 novos especialistas que passam a atender no sert\u00e3o do estado, regi\u00e3o com maior d\u00e9ficit desses profissionais. Eles atuam em \u00e1reas como ginecologia, anestesiologia, otorrinolaringologia, cirurgia geral e oncologia, refor\u00e7ando a rede p\u00fablica de atendimento e evitando que pacientes precisem se deslocar para outros munic\u00edpios.<\/p>\n","protected":false},"excerpt":{"rendered":"<p>Os pacientes do Sistema \u00danico de Sa\u00fade (SUS) da Para\u00edba ter\u00e3o \u00e0 sua disposi\u00e7\u00e3o 33 novas unidades de atendimento, distribu\u00eddas em 31 munic\u00edpios , al\u00e9m da chegada de 13 m\u00e9dicos especialistas que j\u00e1 come\u00e7aram a atuar em tr\u00eas cidades. O an\u00fancio foi feito pelo Minist\u00e9rio da Sa\u00fade esta semana, com a libera\u00e7\u00e3o de R$ 78,6 &hellip;<\/p>\n","protected":false},"author":1,"featured_media":106738,"comment_status":"open","ping_status":"open","sticky":false,"template":"","format":"standard","meta":{"footnotes":""},"categories":[2],"tags":[],"class_list":["post-136006","post","type-post","status-publish","format-standard","has-post-thumbnail","hentry","category-saude"],"_links":{"self":[{"href":"https:\/\/iparaiba.com.br\/index.php\/wp-json\/wp\/v2\/posts\/136006","targetHints":{"allow":["GET"]}}],"collection":[{"href":"https:\/\/iparaiba.com.br\/index.php\/wp-json\/wp\/v2\/posts"}],"about":[{"href":"https:\/\/iparaiba.com.br\/index.php\/wp-json\/wp\/v2\/types\/post"}],"author":[{"embeddable":true,"href":"https:\/\/iparaiba.com.br\/index.php\/wp-json\/wp\/v2\/users\/1"}],"replies":[{"embeddable":true,"href":"https:\/\/iparaiba.com.br\/index.php\/wp-json\/wp\/v2\/comments?post=136006"}],"version-history":[{"count":1,"href":"https:\/\/iparaiba.com.br\/index.php\/wp-json\/wp\/v2\/posts\/136006\/revisions"}],"predecessor-version":[{"id":136047,"href":"https:\/\/iparaiba.com.br\/index.php\/wp-json\/wp\/v2\/posts\/136006\/revisions\/136047"}],"wp:featuredmedia":[{"embeddable":true,"href":"https:\/\/iparaiba.com.br\/index.php\/wp-json\/wp\/v2\/media\/106738"}],"wp:attachment":[{"href":"https:\/\/iparaiba.com.br\/index.php\/wp-json\/wp\/v2\/media?parent=136006"}],"wp:term":[{"taxonomy":"category","embeddable":true,"href":"https:\/\/iparaiba.com.br\/index.php\/wp-json\/wp\/v2\/categories?post=136006"},{"taxonomy":"post_tag","embeddable":true,"href":"https:\/\/iparaiba.com.br\/index.php\/wp-json\/wp\/v2\/tags?post=136006"}],"curies":[{"name":"wp","href":"https:\/\/api.w.org\/{rel}","templated":true}]}}