{"id":136001,"date":"2025-09-30T18:18:59","date_gmt":"2025-09-30T21:18:59","guid":{"rendered":"https:\/\/onordeste.com.br\/?p=136001"},"modified":"2025-09-30T18:18:59","modified_gmt":"2025-09-30T21:18:59","slug":"supremo-julga-vinculo-trabalhista-de-motoristas-e-entregadores","status":"publish","type":"post","link":"https:\/\/iparaiba.com.br\/index.php\/2025\/09\/30\/supremo-julga-vinculo-trabalhista-de-motoristas-e-entregadores\/","title":{"rendered":"Supremo julga v\u00ednculo trabalhista de motoristas e entregadores"},"content":{"rendered":"<p>O Supremo Tribunal Federal (STF) marcou para a pr\u00f3xima quarta-feira (1\u00b0) o in\u00edcio do julgamento sobre o reconhecimento de v\u00ednculo empregat\u00edcio entre entregadores e motoristas de aplicativos e as plataformas digitais. A controv\u00e9rsia \u00e9 conhecida como uberiza\u00e7\u00e3o das rela\u00e7\u00f5es de trabalho.<\/p>\n<p>A decis\u00e3o a ser tomada pela Corte ter\u00e1 impacto em 10 mil processos que est\u00e3o parados em todo o pa\u00eds \u00e0 espera do posicionamento do plen\u00e1rio.<\/p>\n<p>Ser\u00e3o julgadas duas a\u00e7\u00f5es que s\u00e3o relatadas pelos ministros Edson Fachin e Alexandre de Moraes e chegaram ao Supremo a partir de recursos protocolados pelas plataformas Rappi e Uber.<\/p>\n<p>Contesta\u00e7\u00e3o<br \/>\nAs empresas contestam decis\u00f5es da Justi\u00e7a do Trabalho que reconheceram o v\u00ednculo empregat\u00edcio com os motoristas e entregadores.<\/p>\n<p>A Rappi alegou que as decis\u00f5es trabalhistas que reconheceram o v\u00ednculo de emprego com a empresa desrespeitaram posi\u00e7\u00e3o da pr\u00f3pria Corte que entende n\u00e3o haver rela\u00e7\u00e3o de emprego formal com os entregadores.<\/p>\n<p>A Uber sustentou que \u00e9 uma empresa de tecnologia, e n\u00e3o do ramo de transportes, e que o reconhecimento de v\u00ednculo trabalhista altera a finalidade do neg\u00f3cio da plataforma, violando o princ\u00edpio constitucional da livre iniciativa de atividade econ\u00f4mica.<\/p>\n<p>Al\u00e9m das defesas das plataformas, os ministros v\u00e3o ouvir durante o julgamento as sustenta\u00e7\u00f5es orais de entidades que defendem o reconhecimento do v\u00ednculo trabalhista de motoristas e entregadores.<\/p>\n<p>O julgamento sobre a uberiza\u00e7\u00e3o ser\u00e1 a primeira pauta do plen\u00e1rio sob o comando do ministro Edson Fachin, que ser\u00e1 empossado no cargo de presidente do STF na pr\u00f3xima segunda-feira (29). Ele suceder\u00e1 o ministro Lu\u00eds Roberto Barroso, que encerrar\u00e1 mandato de dois anos \u00e0 frente do tribunal.<\/p>\n<p>Ag\u00eancia Brasil<\/p>\n","protected":false},"excerpt":{"rendered":"<p>O Supremo Tribunal Federal (STF) marcou para a pr\u00f3xima quarta-feira (1\u00b0) o in\u00edcio do julgamento sobre o reconhecimento de v\u00ednculo empregat\u00edcio entre entregadores e motoristas de aplicativos e as plataformas digitais. A controv\u00e9rsia \u00e9 conhecida como uberiza\u00e7\u00e3o das rela\u00e7\u00f5es de trabalho. A decis\u00e3o a ser tomada pela Corte ter\u00e1 impacto em 10 mil processos que &hellip;<\/p>\n","protected":false},"author":1,"featured_media":106857,"comment_status":"open","ping_status":"open","sticky":false,"template":"","format":"standard","meta":{"footnotes":""},"categories":[18],"tags":[],"class_list":["post-136001","post","type-post","status-publish","format-standard","has-post-thumbnail","hentry","category-brasil"],"_links":{"self":[{"href":"https:\/\/iparaiba.com.br\/index.php\/wp-json\/wp\/v2\/posts\/136001","targetHints":{"allow":["GET"]}}],"collection":[{"href":"https:\/\/iparaiba.com.br\/index.php\/wp-json\/wp\/v2\/posts"}],"about":[{"href":"https:\/\/iparaiba.com.br\/index.php\/wp-json\/wp\/v2\/types\/post"}],"author":[{"embeddable":true,"href":"https:\/\/iparaiba.com.br\/index.php\/wp-json\/wp\/v2\/users\/1"}],"replies":[{"embeddable":true,"href":"https:\/\/iparaiba.com.br\/index.php\/wp-json\/wp\/v2\/comments?post=136001"}],"version-history":[{"count":1,"href":"https:\/\/iparaiba.com.br\/index.php\/wp-json\/wp\/v2\/posts\/136001\/revisions"}],"predecessor-version":[{"id":136045,"href":"https:\/\/iparaiba.com.br\/index.php\/wp-json\/wp\/v2\/posts\/136001\/revisions\/136045"}],"wp:featuredmedia":[{"embeddable":true,"href":"https:\/\/iparaiba.com.br\/index.php\/wp-json\/wp\/v2\/media\/106857"}],"wp:attachment":[{"href":"https:\/\/iparaiba.com.br\/index.php\/wp-json\/wp\/v2\/media?parent=136001"}],"wp:term":[{"taxonomy":"category","embeddable":true,"href":"https:\/\/iparaiba.com.br\/index.php\/wp-json\/wp\/v2\/categories?post=136001"},{"taxonomy":"post_tag","embeddable":true,"href":"https:\/\/iparaiba.com.br\/index.php\/wp-json\/wp\/v2\/tags?post=136001"}],"curies":[{"name":"wp","href":"https:\/\/api.w.org\/{rel}","templated":true}]}}