{"id":135994,"date":"2025-09-30T12:11:15","date_gmt":"2025-09-30T15:11:15","guid":{"rendered":"https:\/\/onordeste.com.br\/?p=135994"},"modified":"2025-09-30T12:11:15","modified_gmt":"2025-09-30T15:11:15","slug":"paraiba-inclui-pessoas-com-tdl-como-pessoas-com-deficiencia","status":"publish","type":"post","link":"https:\/\/iparaiba.com.br\/index.php\/2025\/09\/30\/paraiba-inclui-pessoas-com-tdl-como-pessoas-com-deficiencia\/","title":{"rendered":"Para\u00edba inclui pessoas com TDL como pessoas com defici\u00eancia"},"content":{"rendered":"<p>O presidente da Assembleia Legislativa da Para\u00edba (ALPB), Adriano Galdino, promulgou a Lei 13.891\/2025, de autoria do deputado Tanilson Soares, que reconhece as pessoas diagnosticadas com Transtorno do Desenvolvimento da Linguagem (TDL) como pessoas com defici\u00eancia no Estado da Para\u00edba. A promulga\u00e7\u00e3o est\u00e1 no Di\u00e1rio Oficial do Estado (DOE) desta quarta.<\/p>\n<p>De acordo com o texto da Lei, as pessoas com TDL passam a ser consideradas como PcD (pessoas com defici\u00eancia) para todos os efeitos legais, incluindo a concess\u00e3o de benef\u00edcios e isen\u00e7\u00f5es fiscais estaduais, em conson\u00e2ncia com o artigo 2\u00ba da Lei Federal n\u00ba 13.146, de 6 de julho de 2015 \u2014 a Lei Brasileira de Inclus\u00e3o da Pessoa com Defici\u00eancia.<\/p>\n<p>A lei tamb\u00e9m estabelece que \u00e0s pessoas diagnosticadas com TDL ter\u00e3o acesso garantido a todos os meios dispon\u00edveis para seu desenvolvimento e inclus\u00e3o na sociedade. Para isso, deve ser assegurada a assist\u00eancia integral pela rede de servi\u00e7os p\u00fablicos de sa\u00fade e educa\u00e7\u00e3o, sendo expressamente vedada qualquer forma de discrimina\u00e7\u00e3o.<\/p>\n<p>A nova legisla\u00e7\u00e3o determina ainda que as despesas decorrentes de sua execu\u00e7\u00e3o correr\u00e3o por conta das dota\u00e7\u00f5es or\u00e7ament\u00e1rias pr\u00f3prias do Estado e atribui tamb\u00e9m ao Poder Executivo a responsabilidade de expedir os regulamentos necess\u00e1rios \u00e0 fiel execu\u00e7\u00e3o da lei, que passa a valer a partir de hoje.<\/p>\n","protected":false},"excerpt":{"rendered":"<p>O presidente da Assembleia Legislativa da Para\u00edba (ALPB), Adriano Galdino, promulgou a Lei 13.891\/2025, de autoria do deputado Tanilson Soares, que reconhece as pessoas diagnosticadas com Transtorno do Desenvolvimento da Linguagem (TDL) como pessoas com defici\u00eancia no Estado da Para\u00edba. A promulga\u00e7\u00e3o est\u00e1 no Di\u00e1rio Oficial do Estado (DOE) desta quarta. De acordo com o &hellip;<\/p>\n","protected":false},"author":1,"featured_media":107367,"comment_status":"open","ping_status":"open","sticky":false,"template":"","format":"standard","meta":{"footnotes":""},"categories":[2],"tags":[],"class_list":["post-135994","post","type-post","status-publish","format-standard","has-post-thumbnail","hentry","category-saude"],"_links":{"self":[{"href":"https:\/\/iparaiba.com.br\/index.php\/wp-json\/wp\/v2\/posts\/135994","targetHints":{"allow":["GET"]}}],"collection":[{"href":"https:\/\/iparaiba.com.br\/index.php\/wp-json\/wp\/v2\/posts"}],"about":[{"href":"https:\/\/iparaiba.com.br\/index.php\/wp-json\/wp\/v2\/types\/post"}],"author":[{"embeddable":true,"href":"https:\/\/iparaiba.com.br\/index.php\/wp-json\/wp\/v2\/users\/1"}],"replies":[{"embeddable":true,"href":"https:\/\/iparaiba.com.br\/index.php\/wp-json\/wp\/v2\/comments?post=135994"}],"version-history":[{"count":1,"href":"https:\/\/iparaiba.com.br\/index.php\/wp-json\/wp\/v2\/posts\/135994\/revisions"}],"predecessor-version":[{"id":136042,"href":"https:\/\/iparaiba.com.br\/index.php\/wp-json\/wp\/v2\/posts\/135994\/revisions\/136042"}],"wp:featuredmedia":[{"embeddable":true,"href":"https:\/\/iparaiba.com.br\/index.php\/wp-json\/wp\/v2\/media\/107367"}],"wp:attachment":[{"href":"https:\/\/iparaiba.com.br\/index.php\/wp-json\/wp\/v2\/media?parent=135994"}],"wp:term":[{"taxonomy":"category","embeddable":true,"href":"https:\/\/iparaiba.com.br\/index.php\/wp-json\/wp\/v2\/categories?post=135994"},{"taxonomy":"post_tag","embeddable":true,"href":"https:\/\/iparaiba.com.br\/index.php\/wp-json\/wp\/v2\/tags?post=135994"}],"curies":[{"name":"wp","href":"https:\/\/api.w.org\/{rel}","templated":true}]}}