{"id":135992,"date":"2025-09-29T10:09:20","date_gmt":"2025-09-29T13:09:20","guid":{"rendered":"https:\/\/onordeste.com.br\/?p=135992"},"modified":"2025-09-29T10:09:20","modified_gmt":"2025-09-29T13:09:20","slug":"energisa-participa-de-audiencia-publica-para-debater-cabeamentos-e-postes-danificados","status":"publish","type":"post","link":"https:\/\/iparaiba.com.br\/index.php\/2025\/09\/29\/energisa-participa-de-audiencia-publica-para-debater-cabeamentos-e-postes-danificados\/","title":{"rendered":"Energisa participa de Audi\u00eancia P\u00fablica para debater cabeamentos e postes danificados"},"content":{"rendered":"<p>Foi realizada uma Audi\u00eancia P\u00fablica na C\u00e2mara Municipal de Campina Grande, de autoria dos vereadores Alexandre Pereira, Pimentel Filho e Anderson Pila. O objetivo da propositura foi debater, junto a representantes da Energisa, os problemas envolvendo cabeamentos em desuso, postes danificados e outras demandas apresentadas pela popula\u00e7\u00e3o.<\/p>\n<p>Compuseram a mesa os representantes da Energisa: Araceli Tigreiro, Gerente Institucional; Carlos Barreto, Gerente Jur\u00eddico; R\u00f4mulo Pereira, Supervisor de Relacionamento; e Nataniel Gon\u00e7alves, Supervisor de Atendimento. Da Prefeitura Municipal de Campina Grande, estiveram presentes Renan Loureto, Coordenador de Ilumina\u00e7\u00e3o P\u00fablica, e Matheus Pinto, Gerente de Ilumina\u00e7\u00e3o. Tamb\u00e9m integrou a mesa Pedro Farias, Gerente de Atendimento do Procon.<\/p>\n<p>Iniciando as participa\u00e7\u00f5es na tribuna, o vereador Alexandre Pereira ressaltou pontos problem\u00e1ticos envolvendo a empresa, como os altos valores cobrados para retirada de postes, mudan\u00e7as nos vencimentos das faturas, dificuldades no atendimento devido \u00e0 disponibilidade de apenas uma ag\u00eancia para toda a popula\u00e7\u00e3o e a polui\u00e7\u00e3o visual causada pela grande quantidade de fios soltos e amontoados nos postes, mesmo havendo leis que tratam da problem\u00e1tica.<\/p>\n<p>Sobre o objetivo da audi\u00eancia, Alexandre destacou a necessidade de que a empresa apresente medidas pr\u00e1ticas para solucionar as demandas apresentadas. Ele tamb\u00e9m enfatizou a import\u00e2ncia da energia como servi\u00e7o essencial, cuja aus\u00eancia impacta todas as atividades. \u201cA Energisa tem a concess\u00e3o, \u00e9 preciso atender ao interesse p\u00fablico e cumprir os deveres\u201d \u2013 frisou.<\/p>\n<p>Os vereadores Anderson Pila e Pimentel Filho, tamb\u00e9m autores da propositura, refor\u00e7aram a import\u00e2ncia do di\u00e1logo com os representantes da empresa.<\/p>\n","protected":false},"excerpt":{"rendered":"<p>Foi realizada uma Audi\u00eancia P\u00fablica na C\u00e2mara Municipal de Campina Grande, de autoria dos vereadores Alexandre Pereira, Pimentel Filho e Anderson Pila. O objetivo da propositura foi debater, junto a representantes da Energisa, os problemas envolvendo cabeamentos em desuso, postes danificados e outras demandas apresentadas pela popula\u00e7\u00e3o. Compuseram a mesa os representantes da Energisa: Araceli &hellip;<\/p>\n","protected":false},"author":1,"featured_media":104137,"comment_status":"open","ping_status":"open","sticky":false,"template":"","format":"standard","meta":{"footnotes":""},"categories":[15],"tags":[],"class_list":["post-135992","post","type-post","status-publish","format-standard","has-post-thumbnail","hentry","category-links"],"_links":{"self":[{"href":"https:\/\/iparaiba.com.br\/index.php\/wp-json\/wp\/v2\/posts\/135992","targetHints":{"allow":["GET"]}}],"collection":[{"href":"https:\/\/iparaiba.com.br\/index.php\/wp-json\/wp\/v2\/posts"}],"about":[{"href":"https:\/\/iparaiba.com.br\/index.php\/wp-json\/wp\/v2\/types\/post"}],"author":[{"embeddable":true,"href":"https:\/\/iparaiba.com.br\/index.php\/wp-json\/wp\/v2\/users\/1"}],"replies":[{"embeddable":true,"href":"https:\/\/iparaiba.com.br\/index.php\/wp-json\/wp\/v2\/comments?post=135992"}],"version-history":[{"count":0,"href":"https:\/\/iparaiba.com.br\/index.php\/wp-json\/wp\/v2\/posts\/135992\/revisions"}],"wp:featuredmedia":[{"embeddable":true,"href":"https:\/\/iparaiba.com.br\/index.php\/wp-json\/wp\/v2\/media\/104137"}],"wp:attachment":[{"href":"https:\/\/iparaiba.com.br\/index.php\/wp-json\/wp\/v2\/media?parent=135992"}],"wp:term":[{"taxonomy":"category","embeddable":true,"href":"https:\/\/iparaiba.com.br\/index.php\/wp-json\/wp\/v2\/categories?post=135992"},{"taxonomy":"post_tag","embeddable":true,"href":"https:\/\/iparaiba.com.br\/index.php\/wp-json\/wp\/v2\/tags?post=135992"}],"curies":[{"name":"wp","href":"https:\/\/api.w.org\/{rel}","templated":true}]}}