{"id":135989,"date":"2025-09-30T06:05:59","date_gmt":"2025-09-30T09:05:59","guid":{"rendered":"https:\/\/onordeste.com.br\/?p=135988"},"modified":"2025-09-30T06:05:59","modified_gmt":"2025-09-30T09:05:59","slug":"alpb-ouve-demandas-e-aprova-projetos-em-prol-da-populacao","status":"publish","type":"post","link":"https:\/\/iparaiba.com.br\/index.php\/2025\/09\/30\/alpb-ouve-demandas-e-aprova-projetos-em-prol-da-populacao\/","title":{"rendered":"ALPB ouve demandas e aprova projetos em prol da popula\u00e7\u00e3o"},"content":{"rendered":"<p>A Assembleia Legislativa da Para\u00edba (ALPB) realizou sess\u00e3o itinerante. Desta vez, o parlamento estadual se reuniu na sede do Sebrae, em Patos, para debater projetos e votar mat\u00e9rias que ir\u00e3o melhorar a qualidade de vida da popula\u00e7\u00e3o do Sert\u00e3o paraibano.<\/p>\n<p>O presidente da ALPB, deputado Adriano Galdino, reafirmou a import\u00e2ncia das sess\u00f5es itinerantes, que segundo ele, representa a oportunidade para que a popula\u00e7\u00e3o do Sert\u00e3o possa acompanhar de perto os trabalhos legislativos da Casa Epit\u00e1cio Pessoa. \u201cEsse nosso projeto aproxima o Poder Legislativo dos cidad\u00e3os paraibanos, ampliando o di\u00e1logo e a participa\u00e7\u00e3o popular nas decis\u00f5es pol\u00edticas\u201d, destacou.<\/p>\n<p>Durante a sess\u00e3o, os deputados aprovaram o Projeto de Lei (PL) 4.314\/2025, apresentado pela deputada Francisca Motta, ex-prefeita de Patos, com o intuito de defender os direitos das mulheres paraibanas. O texto do PL 4.314\/2025 garante \u00e0s mulheres acometidas de perda gestacional e neonatal em unidades de sa\u00fade p\u00fablicas do estado permanecer acompanhada por pessoa de sua escolha e ser informada de forma clara e objetiva sobre os procedimentos m\u00e9dicos que ser\u00e3o adotados no seu atendimento. A mat\u00e9ria especifica ainda que caber\u00e1 \u00e0 paciente escolher se deseja ou n\u00e3o ter contato pele a pele com o beb\u00ea natimorto, imediatamente ap\u00f3s o nascimento, al\u00e9m de conceder o direito de ser colocada em enfermaria separada das demais pacientes, em respeito ao luto.<\/p>\n","protected":false},"excerpt":{"rendered":"<p>A Assembleia Legislativa da Para\u00edba (ALPB) realizou sess\u00e3o itinerante. Desta vez, o parlamento estadual se reuniu na sede do Sebrae, em Patos, para debater projetos e votar mat\u00e9rias que ir\u00e3o melhorar a qualidade de vida da popula\u00e7\u00e3o do Sert\u00e3o paraibano. O presidente da ALPB, deputado Adriano Galdino, reafirmou a import\u00e2ncia das sess\u00f5es itinerantes, que segundo &hellip;<\/p>\n","protected":false},"author":1,"featured_media":108031,"comment_status":"open","ping_status":"open","sticky":false,"template":"","format":"standard","meta":{"footnotes":""},"categories":[3],"tags":[],"class_list":["post-135989","post","type-post","status-publish","format-standard","has-post-thumbnail","hentry","category-nordeste"],"_links":{"self":[{"href":"https:\/\/iparaiba.com.br\/index.php\/wp-json\/wp\/v2\/posts\/135989","targetHints":{"allow":["GET"]}}],"collection":[{"href":"https:\/\/iparaiba.com.br\/index.php\/wp-json\/wp\/v2\/posts"}],"about":[{"href":"https:\/\/iparaiba.com.br\/index.php\/wp-json\/wp\/v2\/types\/post"}],"author":[{"embeddable":true,"href":"https:\/\/iparaiba.com.br\/index.php\/wp-json\/wp\/v2\/users\/1"}],"replies":[{"embeddable":true,"href":"https:\/\/iparaiba.com.br\/index.php\/wp-json\/wp\/v2\/comments?post=135989"}],"version-history":[{"count":1,"href":"https:\/\/iparaiba.com.br\/index.php\/wp-json\/wp\/v2\/posts\/135989\/revisions"}],"predecessor-version":[{"id":136040,"href":"https:\/\/iparaiba.com.br\/index.php\/wp-json\/wp\/v2\/posts\/135989\/revisions\/136040"}],"wp:featuredmedia":[{"embeddable":true,"href":"https:\/\/iparaiba.com.br\/index.php\/wp-json\/wp\/v2\/media\/108031"}],"wp:attachment":[{"href":"https:\/\/iparaiba.com.br\/index.php\/wp-json\/wp\/v2\/media?parent=135989"}],"wp:term":[{"taxonomy":"category","embeddable":true,"href":"https:\/\/iparaiba.com.br\/index.php\/wp-json\/wp\/v2\/categories?post=135989"},{"taxonomy":"post_tag","embeddable":true,"href":"https:\/\/iparaiba.com.br\/index.php\/wp-json\/wp\/v2\/tags?post=135989"}],"curies":[{"name":"wp","href":"https:\/\/api.w.org\/{rel}","templated":true}]}}