{"id":135988,"date":"2025-09-29T19:04:41","date_gmt":"2025-09-29T22:04:41","guid":{"rendered":"https:\/\/onordeste.com.br\/?p=135986"},"modified":"2025-09-29T19:04:41","modified_gmt":"2025-09-29T22:04:41","slug":"oab-aprova-proposicao-de-adi-contra-norma-que-dispensa-advogado","status":"publish","type":"post","link":"https:\/\/iparaiba.com.br\/index.php\/2025\/09\/29\/oab-aprova-proposicao-de-adi-contra-norma-que-dispensa-advogado\/","title":{"rendered":"OAB aprova proposi\u00e7\u00e3o de ADI contra norma que dispensa advogado"},"content":{"rendered":"<p>Os conselheiros federais da OAB aprovaram, por aclama\u00e7\u00e3o, o ajuizamento de A\u00e7\u00e3o Direta de Inconstitucionalidade (ADI) contra dispositivo da\u00a0<a href=\"https:\/\/legisla.casacivil.go.gov.br\/pesquisa_legislacao\/100979\/lei-20756\" target=\"_blank\" rel=\"noopener\">Lei Estadual de Goi\u00e1s 20.756\/2020<\/a>, que permite a designa\u00e7\u00e3o de bacharel em Direito como defensor dativo em Procedimentos Administrativos Disciplinares (PADs). A proposta foi apresentada pela Comiss\u00e3o de Direito e Prerrogativas da OAB-GO e analisada durante a sess\u00e3o ordin\u00e1ria do Conselho Pleno realizada nesta segunda-feira (22\/9).<\/p>\n<p>A medida questiona o artigo 231, \u00a71\u00ba, inciso II, da legisla\u00e7\u00e3o, que imp\u00f5e a nomea\u00e7\u00e3o de bacharel em Direito como defensor do acusado que n\u00e3o constituir advogado. A relatora da mat\u00e9ria, conselheira federal Dione Almeida (SP), destacou a flagrante viola\u00e7\u00e3o de princ\u00edpios fundamentais da Constitui\u00e7\u00e3o da Rep\u00fablica e do Estatuto da Ordem dos Advogados do Brasil, al\u00e9m da presen\u00e7a de relev\u00e2ncia e pertin\u00eancia ao tema. Portanto,\u00a0 chamou aten\u00e7\u00e3o para a necessidade de retirar do ordenamento jur\u00eddico lei estadual flagrantemente inconstitucional. \u201cUma lei que torna dispens\u00e1vel o advogado na administra\u00e7\u00e3o da justi\u00e7a no que se refere ao processo administrativo, o que por si j\u00e1 \u00e9 grave, pode abrir precedentes para outros estados, colocando o Estado Democr\u00e1tico de Direito em risco\u201d, pontuou.<\/p>\n<p>A conselheira relatora tamb\u00e9m apontou que a legisla\u00e7\u00e3o estadual retira do cidad\u00e3o o direito ao contradit\u00f3rio e ampla defesa, ao autorizar o exerc\u00edcio de trabalho sem atendimento \u00e0s qualifica\u00e7\u00f5es profissionais estabelecidas por lei (artigo 5\u00ba, inciso XIII, CF), al\u00e9m de ser flagrante desrespeito \u00e0 Lei 8.906\/1994, que institui a assessoria jur\u00eddica como uma das atividades privativas de advocacia.<\/p>\n","protected":false},"excerpt":{"rendered":"<p>Os conselheiros federais da OAB aprovaram, por aclama\u00e7\u00e3o, o ajuizamento de A\u00e7\u00e3o Direta de Inconstitucionalidade (ADI) contra dispositivo da\u00a0Lei Estadual de Goi\u00e1s 20.756\/2020, que permite a designa\u00e7\u00e3o de bacharel em Direito como defensor dativo em Procedimentos Administrativos Disciplinares (PADs). A proposta foi apresentada pela Comiss\u00e3o de Direito e Prerrogativas da OAB-GO e analisada durante a &hellip;<\/p>\n","protected":false},"author":1,"featured_media":97720,"comment_status":"open","ping_status":"open","sticky":false,"template":"","format":"standard","meta":{"footnotes":""},"categories":[9],"tags":[],"class_list":["post-135988","post","type-post","status-publish","format-standard","has-post-thumbnail","hentry","category-justica"],"_links":{"self":[{"href":"https:\/\/iparaiba.com.br\/index.php\/wp-json\/wp\/v2\/posts\/135988","targetHints":{"allow":["GET"]}}],"collection":[{"href":"https:\/\/iparaiba.com.br\/index.php\/wp-json\/wp\/v2\/posts"}],"about":[{"href":"https:\/\/iparaiba.com.br\/index.php\/wp-json\/wp\/v2\/types\/post"}],"author":[{"embeddable":true,"href":"https:\/\/iparaiba.com.br\/index.php\/wp-json\/wp\/v2\/users\/1"}],"replies":[{"embeddable":true,"href":"https:\/\/iparaiba.com.br\/index.php\/wp-json\/wp\/v2\/comments?post=135988"}],"version-history":[{"count":1,"href":"https:\/\/iparaiba.com.br\/index.php\/wp-json\/wp\/v2\/posts\/135988\/revisions"}],"predecessor-version":[{"id":136039,"href":"https:\/\/iparaiba.com.br\/index.php\/wp-json\/wp\/v2\/posts\/135988\/revisions\/136039"}],"wp:featuredmedia":[{"embeddable":true,"href":"https:\/\/iparaiba.com.br\/index.php\/wp-json\/wp\/v2\/media\/97720"}],"wp:attachment":[{"href":"https:\/\/iparaiba.com.br\/index.php\/wp-json\/wp\/v2\/media?parent=135988"}],"wp:term":[{"taxonomy":"category","embeddable":true,"href":"https:\/\/iparaiba.com.br\/index.php\/wp-json\/wp\/v2\/categories?post=135988"},{"taxonomy":"post_tag","embeddable":true,"href":"https:\/\/iparaiba.com.br\/index.php\/wp-json\/wp\/v2\/tags?post=135988"}],"curies":[{"name":"wp","href":"https:\/\/api.w.org\/{rel}","templated":true}]}}