{"id":135987,"date":"2025-09-29T17:03:14","date_gmt":"2025-09-29T20:03:14","guid":{"rendered":"https:\/\/onordeste.com.br\/?p=135984"},"modified":"2025-09-29T17:03:14","modified_gmt":"2025-09-29T20:03:14","slug":"ouvidorias-da-mulher-fortalece-rede-nacional-e-ampliar-protecao-as-advogadas","status":"publish","type":"post","link":"https:\/\/iparaiba.com.br\/index.php\/2025\/09\/29\/ouvidorias-da-mulher-fortalece-rede-nacional-e-ampliar-protecao-as-advogadas\/","title":{"rendered":"Ouvidorias da Mulher fortalece rede nacional e ampliar prote\u00e7\u00e3o \u00e0s advogadas"},"content":{"rendered":"<p>O Conselho Federal da OAB realizou reuni\u00e3o com as Ouvidorias da Mulher de todas as seccionais da Ordem. Conduzido pela ouvidora nacional, Katianne Wirna, o encontro teve como foco alinhar o planejamento estrat\u00e9gico, padronizar procedimentos e ampliar a articula\u00e7\u00e3o institucional em defesa da igualdade de g\u00eanero e do enfrentamento \u00e0 viol\u00eancia contra a mulher.<\/p>\n<p>O ouvidor-geral da OAB Nacional, Marcos Vin\u00edcius Jardim, abriu a reuni\u00e3o destacando a import\u00e2ncia da integra\u00e7\u00e3o das seccionais. Ele ressaltou o compromisso da Ouvidoria-Geral em apoiar avan\u00e7os institucionais e consolidar conquistas j\u00e1 obtidas no campo da prote\u00e7\u00e3o \u00e0s mulheres.<\/p>\n<p>Segundo Katianne Wirna, a troca de experi\u00eancias fortalece o Sistema OAB. \u201cAs Ouvidorias da Mulher representam um canal de acolhimento e encaminhamento de demandas das advogadas. Esse di\u00e1logo entre as seccionais permite uma atua\u00e7\u00e3o mais coesa e garante que cada profissional seja ouvida e respeitada em suas prerrogativas\u201d, afirmou.<\/p>\n<p>Entre os pontos debatidos estiveram a elabora\u00e7\u00e3o da Cartilha da Ouvidoria da Mulher e a organiza\u00e7\u00e3o do 1\u00ba Encontro Nacional das Ouvidorias da Mulher do Sistema OAB. Tamb\u00e9m foram discutidas medidas de capacita\u00e7\u00e3o e escuta qualificada, al\u00e9m de iniciativas locais j\u00e1 em andamento, como campanhas de conscientiza\u00e7\u00e3o, protocolos de atendimento e parcerias institucionais.<\/p>\n<p>Ao encerrar o encontro, Katianne refor\u00e7ou que a Ouvidoria Nacional seguir\u00e1 apoiando boas pr\u00e1ticas e difundindo modelos capazes de ser replicados em todo o pa\u00eds. A reuni\u00e3o integra o calend\u00e1rio permanente de a\u00e7\u00f5es da OAB voltadas ao fortalecimento das pol\u00edticas institucionais de enfrentamento \u00e0 viol\u00eancia de g\u00eanero, valoriza\u00e7\u00e3o da advocacia feminina e promo\u00e7\u00e3o da igualdade de oportunidades.<\/p>\n","protected":false},"excerpt":{"rendered":"<p>O Conselho Federal da OAB realizou reuni\u00e3o com as Ouvidorias da Mulher de todas as seccionais da Ordem. Conduzido pela ouvidora nacional, Katianne Wirna, o encontro teve como foco alinhar o planejamento estrat\u00e9gico, padronizar procedimentos e ampliar a articula\u00e7\u00e3o institucional em defesa da igualdade de g\u00eanero e do enfrentamento \u00e0 viol\u00eancia contra a mulher. O &hellip;<\/p>\n","protected":false},"author":1,"featured_media":97971,"comment_status":"open","ping_status":"open","sticky":false,"template":"","format":"standard","meta":{"footnotes":""},"categories":[9],"tags":[],"class_list":["post-135987","post","type-post","status-publish","format-standard","has-post-thumbnail","hentry","category-justica"],"_links":{"self":[{"href":"https:\/\/iparaiba.com.br\/index.php\/wp-json\/wp\/v2\/posts\/135987","targetHints":{"allow":["GET"]}}],"collection":[{"href":"https:\/\/iparaiba.com.br\/index.php\/wp-json\/wp\/v2\/posts"}],"about":[{"href":"https:\/\/iparaiba.com.br\/index.php\/wp-json\/wp\/v2\/types\/post"}],"author":[{"embeddable":true,"href":"https:\/\/iparaiba.com.br\/index.php\/wp-json\/wp\/v2\/users\/1"}],"replies":[{"embeddable":true,"href":"https:\/\/iparaiba.com.br\/index.php\/wp-json\/wp\/v2\/comments?post=135987"}],"version-history":[{"count":1,"href":"https:\/\/iparaiba.com.br\/index.php\/wp-json\/wp\/v2\/posts\/135987\/revisions"}],"predecessor-version":[{"id":136038,"href":"https:\/\/iparaiba.com.br\/index.php\/wp-json\/wp\/v2\/posts\/135987\/revisions\/136038"}],"wp:featuredmedia":[{"embeddable":true,"href":"https:\/\/iparaiba.com.br\/index.php\/wp-json\/wp\/v2\/media\/97971"}],"wp:attachment":[{"href":"https:\/\/iparaiba.com.br\/index.php\/wp-json\/wp\/v2\/media?parent=135987"}],"wp:term":[{"taxonomy":"category","embeddable":true,"href":"https:\/\/iparaiba.com.br\/index.php\/wp-json\/wp\/v2\/categories?post=135987"},{"taxonomy":"post_tag","embeddable":true,"href":"https:\/\/iparaiba.com.br\/index.php\/wp-json\/wp\/v2\/tags?post=135987"}],"curies":[{"name":"wp","href":"https:\/\/api.w.org\/{rel}","templated":true}]}}