{"id":135986,"date":"2025-09-29T15:01:08","date_gmt":"2025-09-29T18:01:08","guid":{"rendered":"https:\/\/onordeste.com.br\/?p=135982"},"modified":"2025-09-29T15:01:08","modified_gmt":"2025-09-29T18:01:08","slug":"oab-lanca-manifesto-em-defesa-da-soberania-brasileira","status":"publish","type":"post","link":"https:\/\/iparaiba.com.br\/index.php\/2025\/09\/29\/oab-lanca-manifesto-em-defesa-da-soberania-brasileira\/","title":{"rendered":"OAB lan\u00e7a manifesto em defesa da soberania brasileira"},"content":{"rendered":"<p>O Conselho Federal da OAB lan\u00e7ou , nesta segunda-feira (22\/9), o manifesto \u201cBrasil \u00e9 dos Brasileiros\u201d durante a sess\u00e3o ordin\u00e1ria do Conselho Pleno. \u201cA advocacia brasileira sempre esteve presente nos grandes momentos da vida nacional, na luta pela redemocratiza\u00e7\u00e3o, na defesa da Constitui\u00e7\u00e3o e na consolida\u00e7\u00e3o das liberdades. Hoje, mais uma vez, erguemos nossa voz para proclamar que o Brasil \u00e9 dos brasileiros\u201d, afirmou o presidente nacional da entidade, Beto Simonetti, lembrando que a Ordem \u00e9 fiel \u00e0 sua hist\u00f3ria de defesa intransigente da democracia e do Estado de Direito.<\/p>\n<p>De acordo com Simonetti, a soberania do Brasil \u2014 assegurada a todos os brasileiros e brasileiras, sem distin\u00e7\u00e3o, pela Constitui\u00e7\u00e3o Federal de 1988 \u2014 n\u00e3o pode ser relativizada, nem submetida a interesses que n\u00e3o representem a vontade do povo. \u201cCabe a todos n\u00f3s, cidad\u00e3os, institui\u00e7\u00f5es e sociedade civil organizada, a responsabilidade de assegurar que o Brasil permane\u00e7a soberano, democr\u00e1tico e justo\u201d, disse.<\/p>\n<p>O presidente da entidade finalizou o manifesto destacando que todos est\u00e3o unidos pela soberania do Brasil. \u201cUnidos pela Constitui\u00e7\u00e3o, pela democracia e pela soberania, afirmamos com clareza: o Brasil \u00e9 dos brasileiros\u201d, declarou.<\/p>\n<p>Leia, abaixo, a \u00edntegra do manifesto:<\/p>\n<p><b>Manifesto da OAB\u00a0 \u201cBrasil \u00e9 dos Brasileiros\u201d<\/b><\/p>\n<p><i>A Ordem dos Advogados do Brasil, fiel \u00e0 sua hist\u00f3ria de defesa intransigente da Constitui\u00e7\u00e3o, da democracia e do Estado de Direito, lan\u00e7a o manifesto \u201cBrasil \u00e9 dos Brasileiros\u201d.<\/i><\/p>\n<p><i>O Brasil \u00e9 patrim\u00f4nio de seu povo. A Constitui\u00e7\u00e3o Federal de 1988 assegura que a soberania nacional, a democracia e os direitos fundamentais pertencem a todos os brasileiros e brasileiras, sem distin\u00e7\u00e3o. Esta \u00e9 a ess\u00eancia de nossa Rep\u00fablica: um pa\u00eds que n\u00e3o \u00e9 de poucos, mas de todos.<\/i><\/p>\n<p><i>Diante de desafios internos e press\u00f5es externas, a OAB reafirma sua miss\u00e3o de guardi\u00e3 da cidadania, da justi\u00e7a e da igualdade. A advocacia brasileira sempre esteve presente nos grandes momentos da vida nacional, na luta pela redemocratiza\u00e7\u00e3o, na defesa da Constitui\u00e7\u00e3o e na consolida\u00e7\u00e3o das liberdades. Hoje, mais uma vez, erguemos nossa voz para proclamar que o Brasil \u00e9 dos brasileiros.<\/i><\/p>\n<p><i>A soberania do Brasil n\u00e3o pode ser relativizada, nem submetida a interesses que n\u00e3o representem a vontade do povo. Cabe a todos n\u00f3s \u2014 cidad\u00e3os, institui\u00e7\u00f5es e sociedade civil organizada \u2014 a responsabilidade de assegurar que o Brasil permane\u00e7a soberano, democr\u00e1tico e justo.<\/i><\/p>\n<p><i>Unidos pela Constitui\u00e7\u00e3o, pela democracia e pela soberania, afirmamos com clareza:<\/i><\/p>\n<p><i>O Brasil \u00e9 dos brasileiros. Pela soberania do Brasil, todos unidos.<\/i><\/p>\n<p><i>Ordem dos Advogados do Brasil \u2013 OAB Nacional<\/i><\/p>\n<p><a href=\"https:\/\/www.flickr.com\/photos\/cfoab\/albums\/72177720329190907\/\" target=\"_blank\" rel=\"noopener\">Confira todas as fotos da sess\u00e3o no Flickr da OAB Nacional<\/a><\/p>\n","protected":false},"excerpt":{"rendered":"<p>O Conselho Federal da OAB lan\u00e7ou , nesta segunda-feira (22\/9), o manifesto \u201cBrasil \u00e9 dos Brasileiros\u201d durante a sess\u00e3o ordin\u00e1ria do Conselho Pleno. \u201cA advocacia brasileira sempre esteve presente nos grandes momentos da vida nacional, na luta pela redemocratiza\u00e7\u00e3o, na defesa da Constitui\u00e7\u00e3o e na consolida\u00e7\u00e3o das liberdades. Hoje, mais uma vez, erguemos nossa voz &hellip;<\/p>\n","protected":false},"author":1,"featured_media":99457,"comment_status":"open","ping_status":"open","sticky":false,"template":"","format":"standard","meta":{"footnotes":""},"categories":[9],"tags":[],"class_list":["post-135986","post","type-post","status-publish","format-standard","has-post-thumbnail","hentry","category-justica"],"_links":{"self":[{"href":"https:\/\/iparaiba.com.br\/index.php\/wp-json\/wp\/v2\/posts\/135986","targetHints":{"allow":["GET"]}}],"collection":[{"href":"https:\/\/iparaiba.com.br\/index.php\/wp-json\/wp\/v2\/posts"}],"about":[{"href":"https:\/\/iparaiba.com.br\/index.php\/wp-json\/wp\/v2\/types\/post"}],"author":[{"embeddable":true,"href":"https:\/\/iparaiba.com.br\/index.php\/wp-json\/wp\/v2\/users\/1"}],"replies":[{"embeddable":true,"href":"https:\/\/iparaiba.com.br\/index.php\/wp-json\/wp\/v2\/comments?post=135986"}],"version-history":[{"count":1,"href":"https:\/\/iparaiba.com.br\/index.php\/wp-json\/wp\/v2\/posts\/135986\/revisions"}],"predecessor-version":[{"id":136037,"href":"https:\/\/iparaiba.com.br\/index.php\/wp-json\/wp\/v2\/posts\/135986\/revisions\/136037"}],"wp:featuredmedia":[{"embeddable":true,"href":"https:\/\/iparaiba.com.br\/index.php\/wp-json\/wp\/v2\/media\/99457"}],"wp:attachment":[{"href":"https:\/\/iparaiba.com.br\/index.php\/wp-json\/wp\/v2\/media?parent=135986"}],"wp:term":[{"taxonomy":"category","embeddable":true,"href":"https:\/\/iparaiba.com.br\/index.php\/wp-json\/wp\/v2\/categories?post=135986"},{"taxonomy":"post_tag","embeddable":true,"href":"https:\/\/iparaiba.com.br\/index.php\/wp-json\/wp\/v2\/tags?post=135986"}],"curies":[{"name":"wp","href":"https:\/\/api.w.org\/{rel}","templated":true}]}}