{"id":135976,"date":"2025-09-18T13:05:49","date_gmt":"2025-09-18T16:05:49","guid":{"rendered":"https:\/\/onordeste.com.br\/?p=135950"},"modified":"2025-09-18T13:05:49","modified_gmt":"2025-09-18T16:05:49","slug":"deflagrada-operacao-contra-falsificacao-de-embalagens-e-selos-oficiais","status":"publish","type":"post","link":"https:\/\/iparaiba.com.br\/index.php\/2025\/09\/18\/deflagrada-operacao-contra-falsificacao-de-embalagens-e-selos-oficiais\/","title":{"rendered":"Deflagrada opera\u00e7\u00e3o contra falsifica\u00e7\u00e3o de embalagens e selos oficiais"},"content":{"rendered":"<p><strong>S\u00e3o Paulo\/SP.<\/strong>\u00a0 Nesta quarta-feira (17\/9), a Pol\u00edcia Federal deflagrou a Opera\u00e7\u00e3o SELO para apurar crimes relacionados \u00e0 falsifica\u00e7\u00e3o de embalagens de produtos e \u00e0 adultera\u00e7\u00e3o de selos oficiais da Anatel, em S\u00e3o Paulo.<\/p>\n<p>Durante o cumprimento de mandado de busca e apreens\u00e3o em uma gr\u00e1fica localizada em Guarulhos\/SP, os policiais federais identificaram nos servidores da empresa, arquivos digitais destinados \u00e0 impress\u00e3o de embalagens falsas de produtos eletr\u00f4nicos. Tamb\u00e9m foi localizado um diret\u00f3rio intitulado \u201cTV BOX\u201d, que continha prot\u00f3tipos de embalagens com selo da Anatel, refor\u00e7ando os ind\u00edcios de falsifica\u00e7\u00e3o de selos p\u00fablicos.<\/p>\n<p>As investiga\u00e7\u00f5es prosseguem, com foco na identifica\u00e7\u00e3o dos respons\u00e1veis pela encomenda e na apura\u00e7\u00e3o da eventual participa\u00e7\u00e3o da gr\u00e1fica na produ\u00e7\u00e3o de embalagens contrafeitas.<\/p>\n<p><em>Comunica\u00e7\u00e3o Social da Pol\u00edcia Federal em S\u00e3o Paulo<\/em><\/p>\n","protected":false},"excerpt":{"rendered":"<p>S\u00e3o Paulo\/SP.\u00a0 Nesta quarta-feira (17\/9), a Pol\u00edcia Federal deflagrou a Opera\u00e7\u00e3o SELO para apurar crimes relacionados \u00e0 falsifica\u00e7\u00e3o de embalagens de produtos e \u00e0 adultera\u00e7\u00e3o de selos oficiais da Anatel, em S\u00e3o Paulo. Durante o cumprimento de mandado de busca e apreens\u00e3o em uma gr\u00e1fica localizada em Guarulhos\/SP, os policiais federais identificaram nos servidores da &hellip;<\/p>\n","protected":false},"author":1,"featured_media":97810,"comment_status":"open","ping_status":"open","sticky":false,"template":"","format":"standard","meta":{"footnotes":""},"categories":[13],"tags":[],"class_list":["post-135976","post","type-post","status-publish","format-standard","has-post-thumbnail","hentry","category-policial"],"_links":{"self":[{"href":"https:\/\/iparaiba.com.br\/index.php\/wp-json\/wp\/v2\/posts\/135976","targetHints":{"allow":["GET"]}}],"collection":[{"href":"https:\/\/iparaiba.com.br\/index.php\/wp-json\/wp\/v2\/posts"}],"about":[{"href":"https:\/\/iparaiba.com.br\/index.php\/wp-json\/wp\/v2\/types\/post"}],"author":[{"embeddable":true,"href":"https:\/\/iparaiba.com.br\/index.php\/wp-json\/wp\/v2\/users\/1"}],"replies":[{"embeddable":true,"href":"https:\/\/iparaiba.com.br\/index.php\/wp-json\/wp\/v2\/comments?post=135976"}],"version-history":[{"count":0,"href":"https:\/\/iparaiba.com.br\/index.php\/wp-json\/wp\/v2\/posts\/135976\/revisions"}],"wp:featuredmedia":[{"embeddable":true,"href":"https:\/\/iparaiba.com.br\/index.php\/wp-json\/wp\/v2\/media\/97810"}],"wp:attachment":[{"href":"https:\/\/iparaiba.com.br\/index.php\/wp-json\/wp\/v2\/media?parent=135976"}],"wp:term":[{"taxonomy":"category","embeddable":true,"href":"https:\/\/iparaiba.com.br\/index.php\/wp-json\/wp\/v2\/categories?post=135976"},{"taxonomy":"post_tag","embeddable":true,"href":"https:\/\/iparaiba.com.br\/index.php\/wp-json\/wp\/v2\/tags?post=135976"}],"curies":[{"name":"wp","href":"https:\/\/api.w.org\/{rel}","templated":true}]}}