{"id":135975,"date":"2025-09-18T13:03:47","date_gmt":"2025-09-18T16:03:47","guid":{"rendered":"https:\/\/onordeste.com.br\/?p=135948"},"modified":"2025-09-18T13:03:47","modified_gmt":"2025-09-18T16:03:47","slug":"pf-confirma-prisao-de-foragida-brasileira","status":"publish","type":"post","link":"https:\/\/iparaiba.com.br\/index.php\/2025\/09\/18\/pf-confirma-prisao-de-foragida-brasileira\/","title":{"rendered":"PF confirma pris\u00e3o de foragida brasileira"},"content":{"rendered":"<p><b>Recife\/PE.<\/b>\u00a0A pris\u00e3o no exterior somente foi concretizada em decorr\u00eancia da realiza\u00e7\u00e3o de Difus\u00e3o Vermelha do mandado de pris\u00e3o pela Interpol, requerido pela Pol\u00edcia Federal em Pernambuco.<\/p>\n<p>Este procedimento consiste em instrumento de coopera\u00e7\u00e3o policial internacional, que t\u00eam como objetivo a localiza\u00e7\u00e3o e captura de foragidos no exterior, permitindo a implementa\u00e7\u00e3o posterior de processo de extradi\u00e7\u00e3o.<\/p>\n<p>Ap\u00f3s sua pris\u00e3o pelas autoridades italianas, a foragida foi colocada \u00e0 disposi\u00e7\u00e3o do Tribunal de Apela\u00e7\u00e3o de Floren\u00e7a, na It\u00e1lia<\/p>\n<p>Foragida por um homic\u00eddio qualificado ocorrido h\u00e1 20 anos, foi condenada como mandante do assassinato de seu ex-marido no ano de 2005. A brasileira se encontrava foragida desde 2019, quando foi condenada pelo Tribunal do J\u00fari da cidade de Paulista\/PE.<\/p>\n<p align=\"right\"><i>Comunica\u00e7\u00e3o Social da Pol\u00edcia Federal em Pernambuco<\/i><\/p>\n","protected":false},"excerpt":{"rendered":"<p>Recife\/PE.\u00a0A pris\u00e3o no exterior somente foi concretizada em decorr\u00eancia da realiza\u00e7\u00e3o de Difus\u00e3o Vermelha do mandado de pris\u00e3o pela Interpol, requerido pela Pol\u00edcia Federal em Pernambuco. Este procedimento consiste em instrumento de coopera\u00e7\u00e3o policial internacional, que t\u00eam como objetivo a localiza\u00e7\u00e3o e captura de foragidos no exterior, permitindo a implementa\u00e7\u00e3o posterior de processo de extradi\u00e7\u00e3o. &hellip;<\/p>\n","protected":false},"author":1,"featured_media":119197,"comment_status":"open","ping_status":"open","sticky":false,"template":"","format":"standard","meta":{"footnotes":""},"categories":[13],"tags":[],"class_list":["post-135975","post","type-post","status-publish","format-standard","has-post-thumbnail","hentry","category-policial"],"_links":{"self":[{"href":"https:\/\/iparaiba.com.br\/index.php\/wp-json\/wp\/v2\/posts\/135975","targetHints":{"allow":["GET"]}}],"collection":[{"href":"https:\/\/iparaiba.com.br\/index.php\/wp-json\/wp\/v2\/posts"}],"about":[{"href":"https:\/\/iparaiba.com.br\/index.php\/wp-json\/wp\/v2\/types\/post"}],"author":[{"embeddable":true,"href":"https:\/\/iparaiba.com.br\/index.php\/wp-json\/wp\/v2\/users\/1"}],"replies":[{"embeddable":true,"href":"https:\/\/iparaiba.com.br\/index.php\/wp-json\/wp\/v2\/comments?post=135975"}],"version-history":[{"count":0,"href":"https:\/\/iparaiba.com.br\/index.php\/wp-json\/wp\/v2\/posts\/135975\/revisions"}],"wp:featuredmedia":[{"embeddable":true,"href":"https:\/\/iparaiba.com.br\/index.php\/wp-json\/wp\/v2\/media\/119197"}],"wp:attachment":[{"href":"https:\/\/iparaiba.com.br\/index.php\/wp-json\/wp\/v2\/media?parent=135975"}],"wp:term":[{"taxonomy":"category","embeddable":true,"href":"https:\/\/iparaiba.com.br\/index.php\/wp-json\/wp\/v2\/categories?post=135975"},{"taxonomy":"post_tag","embeddable":true,"href":"https:\/\/iparaiba.com.br\/index.php\/wp-json\/wp\/v2\/tags?post=135975"}],"curies":[{"name":"wp","href":"https:\/\/api.w.org\/{rel}","templated":true}]}}