{"id":135974,"date":"2025-09-18T13:02:14","date_gmt":"2025-09-18T16:02:14","guid":{"rendered":"https:\/\/onordeste.com.br\/?p=135946"},"modified":"2025-09-18T13:02:14","modified_gmt":"2025-09-18T16:02:14","slug":"ficco-pb-desarticula-comando-de-organizacao-criminosa","status":"publish","type":"post","link":"https:\/\/iparaiba.com.br\/index.php\/2025\/09\/18\/ficco-pb-desarticula-comando-de-organizacao-criminosa\/","title":{"rendered":"FICCO\/PB desarticula comando de organiza\u00e7\u00e3o criminosa"},"content":{"rendered":"<p><b>o\u00e3o Pessoa\/PB<\/b>. A For\u00e7a Integrada de Combate ao Crime Organizado na Para\u00edba (FICCO\/PB) deflagrou, nesta quinta-feira (18\/9), a Opera\u00e7\u00e3o Stakeholders II, destinada a desarticular tr\u00eas n\u00facleos estrat\u00e9gicos de fac\u00e7\u00e3o criminosa: o financeiro, o administrativo e o de comando. Este \u00faltimo integrado pelos presidentes e conselheiros da fac\u00e7\u00e3o criminosa dominante no Estado.<\/p>\n<p>As medidas cautelares foram expedidas pela 1\u00aa Vara Regional de Garantias da Comarca da Capital\/PB e resultaram no cumprimento de 13 mandados de busca e apreens\u00e3o, 10 mandados de pris\u00e3o preventiva e sequestro de bens e valores. As ordens judiciais est\u00e3o sendo executadas nos munic\u00edpios de Jo\u00e3o Pessoa\/PB, Sert\u00e3ozinho\/PB, Guarabira\/PB, Santa Rita\/PB, Campina Grande\/PB e Campo Grande\/MS.<\/p>\n<p>Mais de 70 policiais participam da a\u00e7\u00e3o, atuando de forma integrada entre Pol\u00edcia Federal, Pol\u00edcia Civil, Pol\u00edcia Militar, Pol\u00edcia Penal, Pol\u00edcia Penal Federal, al\u00e9m de demais \u00f3rg\u00e3os parceiros.<\/p>\n<p>As investiga\u00e7\u00f5es identificaram que a fac\u00e7\u00e3o mantinha um sofisticado sistema de arrecada\u00e7\u00e3o il\u00edcita (\u201ccaixinhas\u201d), por meio de contas banc\u00e1rias e chaves PIX em nome de terceiros, utilizado para compra de armas, custeio log\u00edstico e manuten\u00e7\u00e3o de membros presos. Paralelamente, o bra\u00e7o administrativo, operado pelas \u201ccadastreiras\u201d, era respons\u00e1vel pelo gerenciamento de bancos de dados de integrantes, controle das \u201cquebradas\u201d (territ\u00f3rios dominados) e manuten\u00e7\u00e3o da hierarquia interna. J\u00e1 o n\u00facleo de comando ditava ordens estrat\u00e9gicas, incluindo expuls\u00f5es, decretos de morte e decis\u00f5es de expans\u00e3o territorial.<\/p>\n<p>Com a Opera\u00e7\u00e3o Stakeholders II, a FICCO\/PB busca asfixiar patrimonialmente a fac\u00e7\u00e3o, enfraquecer sua estrutura organizacional e neutralizar sua capacidade de comando, atingindo simultaneamente as engrenagens financeira, burocr\u00e1tica e hier\u00e1rquica.<\/p>\n<p>A FICCO\/PB \u00e9 composta pela Pol\u00edcia Federal, Pol\u00edcia Civil, Pol\u00edcia Militar, Pol\u00edcia Penal, Pol\u00edcia Penal Federal, Secretaria Nacional de Pol\u00edticas Penais (SENAPPEN), Secretaria de Estado da Seguran\u00e7a e da Defesa Social da Para\u00edba e Secretaria de Estado da Administra\u00e7\u00e3o Penitenci\u00e1ria da Para\u00edba. Essa atua\u00e7\u00e3o conjunta e interinstitucional refor\u00e7a o compartilhamento de informa\u00e7\u00f5es, a racionaliza\u00e7\u00e3o de recursos e a efic\u00e1cia no combate ao crime organizado.<\/p>\n<p style=\"text-align: left;\" align=\"right\"><i>Comunica\u00e7\u00e3o Social da Pol\u00edcia Federal da Para\u00edba<\/i><\/p>\n","protected":false},"excerpt":{"rendered":"<p>o\u00e3o Pessoa\/PB. A For\u00e7a Integrada de Combate ao Crime Organizado na Para\u00edba (FICCO\/PB) deflagrou, nesta quinta-feira (18\/9), a Opera\u00e7\u00e3o Stakeholders II, destinada a desarticular tr\u00eas n\u00facleos estrat\u00e9gicos de fac\u00e7\u00e3o criminosa: o financeiro, o administrativo e o de comando. Este \u00faltimo integrado pelos presidentes e conselheiros da fac\u00e7\u00e3o criminosa dominante no Estado. As medidas cautelares foram &hellip;<\/p>\n","protected":false},"author":1,"featured_media":108842,"comment_status":"open","ping_status":"open","sticky":false,"template":"","format":"standard","meta":{"footnotes":""},"categories":[13],"tags":[],"class_list":["post-135974","post","type-post","status-publish","format-standard","has-post-thumbnail","hentry","category-policial"],"_links":{"self":[{"href":"https:\/\/iparaiba.com.br\/index.php\/wp-json\/wp\/v2\/posts\/135974","targetHints":{"allow":["GET"]}}],"collection":[{"href":"https:\/\/iparaiba.com.br\/index.php\/wp-json\/wp\/v2\/posts"}],"about":[{"href":"https:\/\/iparaiba.com.br\/index.php\/wp-json\/wp\/v2\/types\/post"}],"author":[{"embeddable":true,"href":"https:\/\/iparaiba.com.br\/index.php\/wp-json\/wp\/v2\/users\/1"}],"replies":[{"embeddable":true,"href":"https:\/\/iparaiba.com.br\/index.php\/wp-json\/wp\/v2\/comments?post=135974"}],"version-history":[{"count":0,"href":"https:\/\/iparaiba.com.br\/index.php\/wp-json\/wp\/v2\/posts\/135974\/revisions"}],"wp:featuredmedia":[{"embeddable":true,"href":"https:\/\/iparaiba.com.br\/index.php\/wp-json\/wp\/v2\/media\/108842"}],"wp:attachment":[{"href":"https:\/\/iparaiba.com.br\/index.php\/wp-json\/wp\/v2\/media?parent=135974"}],"wp:term":[{"taxonomy":"category","embeddable":true,"href":"https:\/\/iparaiba.com.br\/index.php\/wp-json\/wp\/v2\/categories?post=135974"},{"taxonomy":"post_tag","embeddable":true,"href":"https:\/\/iparaiba.com.br\/index.php\/wp-json\/wp\/v2\/tags?post=135974"}],"curies":[{"name":"wp","href":"https:\/\/api.w.org\/{rel}","templated":true}]}}