{"id":135971,"date":"2025-09-19T16:19:23","date_gmt":"2025-09-19T19:19:23","guid":{"rendered":"https:\/\/onordeste.com.br\/?p=135967"},"modified":"2025-09-19T16:19:23","modified_gmt":"2025-09-19T19:19:23","slug":"hemocentro-celebra-o-dia-mundial-do-doador-de-medula-ossea","status":"publish","type":"post","link":"https:\/\/iparaiba.com.br\/index.php\/2025\/09\/19\/hemocentro-celebra-o-dia-mundial-do-doador-de-medula-ossea\/","title":{"rendered":"Hemocentro celebra o Dia Mundial do Doador de Medula \u00d3ssea"},"content":{"rendered":"<p align=\"justify\">O Hemocentro da Para\u00edba (Hemocentro PB), unidade do Governo do Estado, realiza nesta sexta-feira (19), uma celebra\u00e7\u00e3o em homenagem ao Dia Mundial do Doador de Medula \u00d3ssea. O evento, com o tema \u201cHer\u00f3is que d\u00e3o Esperan\u00e7a\u201d, ocorre \u00e0s 9h30 no audit\u00f3rio da institui\u00e7\u00e3o e visa reconhecer a import\u00e2ncia dos doadores e incentivar novos cadastros.<\/p>\n<p align=\"justify\">A a\u00e7\u00e3o faz parte da estrat\u00e9gia do Hemocentro que, atrav\u00e9s da\u00a0Hemorrede Estadual, desempenha um papel fundamental no Registro Nacional de Doadores Volunt\u00e1rios de Medula \u00d3ssea (Redome). A Hemorrede \u00e9 composta por um Hemocentro Coordenador em Jo\u00e3o Pessoa, um Hemocentro Regional em Campina Grande e diversos Hemon\u00facleos distribu\u00eddos pelo estado.<\/p>\n<p align=\"justify\">O Brasil ocupa a terceira posi\u00e7\u00e3o mundial em n\u00famero de cadastros de doadores de medula \u00f3ssea, com mais de\u00a06 milh\u00f5es de inscritos\u00a0no Redome. Desse total, a Para\u00edba contribui com\u00a0109.496\u00a0doadores. O perfil dos paraibanos cadastrados \u00e9 majoritariamente feminino, com 52% de mulheres e 48% de homens.<\/p>\n","protected":false},"excerpt":{"rendered":"<p>O Hemocentro da Para\u00edba (Hemocentro PB), unidade do Governo do Estado, realiza nesta sexta-feira (19), uma celebra\u00e7\u00e3o em homenagem ao Dia Mundial do Doador de Medula \u00d3ssea. O evento, com o tema \u201cHer\u00f3is que d\u00e3o Esperan\u00e7a\u201d, ocorre \u00e0s 9h30 no audit\u00f3rio da institui\u00e7\u00e3o e visa reconhecer a import\u00e2ncia dos doadores e incentivar novos cadastros. A &hellip;<\/p>\n","protected":false},"author":1,"featured_media":100322,"comment_status":"open","ping_status":"open","sticky":false,"template":"","format":"standard","meta":{"footnotes":""},"categories":[2],"tags":[],"class_list":["post-135971","post","type-post","status-publish","format-standard","has-post-thumbnail","hentry","category-saude"],"_links":{"self":[{"href":"https:\/\/iparaiba.com.br\/index.php\/wp-json\/wp\/v2\/posts\/135971","targetHints":{"allow":["GET"]}}],"collection":[{"href":"https:\/\/iparaiba.com.br\/index.php\/wp-json\/wp\/v2\/posts"}],"about":[{"href":"https:\/\/iparaiba.com.br\/index.php\/wp-json\/wp\/v2\/types\/post"}],"author":[{"embeddable":true,"href":"https:\/\/iparaiba.com.br\/index.php\/wp-json\/wp\/v2\/users\/1"}],"replies":[{"embeddable":true,"href":"https:\/\/iparaiba.com.br\/index.php\/wp-json\/wp\/v2\/comments?post=135971"}],"version-history":[{"count":1,"href":"https:\/\/iparaiba.com.br\/index.php\/wp-json\/wp\/v2\/posts\/135971\/revisions"}],"predecessor-version":[{"id":135983,"href":"https:\/\/iparaiba.com.br\/index.php\/wp-json\/wp\/v2\/posts\/135971\/revisions\/135983"}],"wp:featuredmedia":[{"embeddable":true,"href":"https:\/\/iparaiba.com.br\/index.php\/wp-json\/wp\/v2\/media\/100322"}],"wp:attachment":[{"href":"https:\/\/iparaiba.com.br\/index.php\/wp-json\/wp\/v2\/media?parent=135971"}],"wp:term":[{"taxonomy":"category","embeddable":true,"href":"https:\/\/iparaiba.com.br\/index.php\/wp-json\/wp\/v2\/categories?post=135971"},{"taxonomy":"post_tag","embeddable":true,"href":"https:\/\/iparaiba.com.br\/index.php\/wp-json\/wp\/v2\/tags?post=135971"}],"curies":[{"name":"wp","href":"https:\/\/api.w.org\/{rel}","templated":true}]}}