{"id":135970,"date":"2025-09-19T14:16:51","date_gmt":"2025-09-19T17:16:51","guid":{"rendered":"https:\/\/onordeste.com.br\/?p=135964"},"modified":"2025-09-19T14:16:51","modified_gmt":"2025-09-19T17:16:51","slug":"alpb-aprova-projetos-que-instituem-politicas-de-protecao","status":"publish","type":"post","link":"https:\/\/iparaiba.com.br\/index.php\/2025\/09\/19\/alpb-aprova-projetos-que-instituem-politicas-de-protecao\/","title":{"rendered":"ALPB aprova projetos que instituem pol\u00edticas de prote\u00e7\u00e3o"},"content":{"rendered":"<div class=\"cs-entry__metabar\">\n<div class=\"cs-entry__metabar-inner\">\n<div class=\"pk-share-buttons-wrap pk-share-buttons-layout-simple pk-share-buttons-scheme-bold-light pk-share-buttons-metabar-post pk-share-buttons-mode-php pk-share-buttons-mode-rest\" data-post-id=\"917244\" data-share-url=\"https:\/\/www.pbagora.com.br\/noticia\/paraiba\/alpb-aprova-projetos-que-instituem-politicas-de-protecao-a-saude-materno-infantil\/\">\n<div class=\"pk-share-buttons-items\">\n<div class=\"pk-share-buttons-item pk-share-buttons-telegram pk-share-buttons-no-count\" data-id=\"telegram\">\n<p>A Assembleia Legislativa da Para\u00edba (ALPB) aprovou projetos que criam medidas de prote\u00e7\u00e3o \u00e0 sa\u00fade materno-infantil, com foco na preven\u00e7\u00e3o e no enfrentamento da prematuridade. As propostas foram apresentadas pelos deputados Anderson Monteiro e Galego Souza e aprovadas por unanimidade durante sess\u00e3o ordin\u00e1ria realizada nesta ter\u00e7a-feira (16).<\/p>\n<\/div>\n<\/div>\n<\/div>\n<\/div>\n<\/div>\n<div class=\"cs-entry__content-wrap\">\n<div class=\"entry-content\">\n<div class=\"related\">\n<div>\n<p>O Projeto de Lei 1.338\/2024, de autoria do deputado Anderson Monteiro, institui a Pol\u00edtica Estadual de Preven\u00e7\u00e3o \u00e0 Prematuridade Neonatal. A iniciativa prev\u00ea a realiza\u00e7\u00e3o de pr\u00e9-natal adequado, vacina\u00e7\u00e3o, exames para diagn\u00f3sticos precoces, al\u00e9m da cria\u00e7\u00e3o de um sistema de monitoramento cont\u00ednuo dos \u00edndices de prematuridade.<\/p>\n<\/div>\n<\/div>\n<\/div>\n<\/div>\n","protected":false},"excerpt":{"rendered":"<p>A Assembleia Legislativa da Para\u00edba (ALPB) aprovou projetos que criam medidas de prote\u00e7\u00e3o \u00e0 sa\u00fade materno-infantil, com foco na preven\u00e7\u00e3o e no enfrentamento da prematuridade. As propostas foram apresentadas pelos deputados Anderson Monteiro e Galego Souza e aprovadas por unanimidade durante sess\u00e3o ordin\u00e1ria realizada nesta ter\u00e7a-feira (16). O Projeto de Lei 1.338\/2024, de autoria do &hellip;<\/p>\n","protected":false},"author":1,"featured_media":115218,"comment_status":"open","ping_status":"open","sticky":false,"template":"","format":"standard","meta":{"footnotes":""},"categories":[8],"tags":[],"class_list":["post-135970","post","type-post","status-publish","format-standard","has-post-thumbnail","hentry","category-politica"],"_links":{"self":[{"href":"https:\/\/iparaiba.com.br\/index.php\/wp-json\/wp\/v2\/posts\/135970","targetHints":{"allow":["GET"]}}],"collection":[{"href":"https:\/\/iparaiba.com.br\/index.php\/wp-json\/wp\/v2\/posts"}],"about":[{"href":"https:\/\/iparaiba.com.br\/index.php\/wp-json\/wp\/v2\/types\/post"}],"author":[{"embeddable":true,"href":"https:\/\/iparaiba.com.br\/index.php\/wp-json\/wp\/v2\/users\/1"}],"replies":[{"embeddable":true,"href":"https:\/\/iparaiba.com.br\/index.php\/wp-json\/wp\/v2\/comments?post=135970"}],"version-history":[{"count":1,"href":"https:\/\/iparaiba.com.br\/index.php\/wp-json\/wp\/v2\/posts\/135970\/revisions"}],"predecessor-version":[{"id":135982,"href":"https:\/\/iparaiba.com.br\/index.php\/wp-json\/wp\/v2\/posts\/135970\/revisions\/135982"}],"wp:featuredmedia":[{"embeddable":true,"href":"https:\/\/iparaiba.com.br\/index.php\/wp-json\/wp\/v2\/media\/115218"}],"wp:attachment":[{"href":"https:\/\/iparaiba.com.br\/index.php\/wp-json\/wp\/v2\/media?parent=135970"}],"wp:term":[{"taxonomy":"category","embeddable":true,"href":"https:\/\/iparaiba.com.br\/index.php\/wp-json\/wp\/v2\/categories?post=135970"},{"taxonomy":"post_tag","embeddable":true,"href":"https:\/\/iparaiba.com.br\/index.php\/wp-json\/wp\/v2\/tags?post=135970"}],"curies":[{"name":"wp","href":"https:\/\/api.w.org\/{rel}","templated":true}]}}