{"id":135968,"date":"2025-09-19T10:12:17","date_gmt":"2025-09-19T13:12:17","guid":{"rendered":"https:\/\/onordeste.com.br\/?p=135960"},"modified":"2025-09-19T10:12:17","modified_gmt":"2025-09-19T13:12:17","slug":"chegada-de-novos-peritos-deve-reduzir-filas-do-inss-afirma-ministro","status":"publish","type":"post","link":"https:\/\/iparaiba.com.br\/index.php\/2025\/09\/19\/chegada-de-novos-peritos-deve-reduzir-filas-do-inss-afirma-ministro\/","title":{"rendered":"Chegada de novos peritos deve reduzir filas do INSS, afirma ministro"},"content":{"rendered":"<p>Entrevistado nesta quinta-feira (18\/9) no\u00a0<a href=\"https:\/\/agenciagov.ebc.com.br\/noticias\/202509\/mais-de-r-1-bilhao-ja-foi-devolvido-a-2-3-milhoes-de-aposentados-diz-wolney-queiroz\" target=\"_blank\" rel=\"noopener\" data-linktype=\"internal\" data-val=\"bb1ab699b19649478fa7f29f1d05bd95\">programa\u00a0<em>Bom Dia, Ministro<\/em>, o titular da pasta da Previd\u00eancia Social, Wolney Queiroz<\/a>, destacou a import\u00e2ncia da chegada de 500 novos peritos m\u00e9dicos federais aprovados em concurso realizado em 2025, ap\u00f3s quase 15 anos sem contrata\u00e7\u00f5es, para a redu\u00e7\u00e3o das filas do INSS.<\/p>\n<blockquote><p>Estou com muita esperan\u00e7a de que a chegada deles vai ter um impacto muito positivo no enfrentamento da fila do Brasil inteiro, sobretudo do Nordeste\u201d, afirmou o ministro<\/p><\/blockquote>\n<p>No in\u00edcio deste m\u00eas, o Minist\u00e9rio da Previd\u00eancia Social realizou, em Bras\u00edlia, a Jornada de Integra\u00e7\u00e3o para receber os 500 novos peritos m\u00e9dicos. O evento foi realizado nos dias 2 e 3 de setembro, per\u00edodo em que foram realizadas mesas de di\u00e1logos para que os profissionais entendessem a dimens\u00e3o do que \u00e9 trabalhar como servidores do Governo do Brasil e, principalmente, a relev\u00e2ncia dos servi\u00e7os prestados pela Previd\u00eancia Social aos cidad\u00e3os de todo o pa\u00eds.<\/p>\n<p>Segundo o ministro, no Nordeste, o Maranh\u00e3o recebeu aten\u00e7\u00e3o especial. \u201cA maior parte dos peritos foi para a regi\u00e3o Nordeste, que era a que mais precisava. O Maranh\u00e3o vai receber uma quantidade enorme de peritos e a gente espera que, com isso, a gente consiga diminuir a fila, melhorar o atendimento e distribuir melhor geograficamente, num estado gigante como \u00e9 o Maranh\u00e3o, para que fique mais f\u00e1cil o acesso aos peritos m\u00e9dicos federais. H\u00e1 quase 15 anos n\u00e3o havia concurso para perito m\u00e9dico federal. Foi uma vit\u00f3ria do governo Lula e foi uma vit\u00f3ria do nosso minist\u00e9rio\u201d, afirmou.<\/p>\n","protected":false},"excerpt":{"rendered":"<p>Entrevistado nesta quinta-feira (18\/9) no\u00a0programa\u00a0Bom Dia, Ministro, o titular da pasta da Previd\u00eancia Social, Wolney Queiroz, destacou a import\u00e2ncia da chegada de 500 novos peritos m\u00e9dicos federais aprovados em concurso realizado em 2025, ap\u00f3s quase 15 anos sem contrata\u00e7\u00f5es, para a redu\u00e7\u00e3o das filas do INSS. Estou com muita esperan\u00e7a de que a chegada deles &hellip;<\/p>\n","protected":false},"author":1,"featured_media":97530,"comment_status":"open","ping_status":"open","sticky":false,"template":"","format":"standard","meta":{"footnotes":""},"categories":[18],"tags":[],"class_list":["post-135968","post","type-post","status-publish","format-standard","has-post-thumbnail","hentry","category-brasil"],"_links":{"self":[{"href":"https:\/\/iparaiba.com.br\/index.php\/wp-json\/wp\/v2\/posts\/135968","targetHints":{"allow":["GET"]}}],"collection":[{"href":"https:\/\/iparaiba.com.br\/index.php\/wp-json\/wp\/v2\/posts"}],"about":[{"href":"https:\/\/iparaiba.com.br\/index.php\/wp-json\/wp\/v2\/types\/post"}],"author":[{"embeddable":true,"href":"https:\/\/iparaiba.com.br\/index.php\/wp-json\/wp\/v2\/users\/1"}],"replies":[{"embeddable":true,"href":"https:\/\/iparaiba.com.br\/index.php\/wp-json\/wp\/v2\/comments?post=135968"}],"version-history":[{"count":1,"href":"https:\/\/iparaiba.com.br\/index.php\/wp-json\/wp\/v2\/posts\/135968\/revisions"}],"predecessor-version":[{"id":135980,"href":"https:\/\/iparaiba.com.br\/index.php\/wp-json\/wp\/v2\/posts\/135968\/revisions\/135980"}],"wp:featuredmedia":[{"embeddable":true,"href":"https:\/\/iparaiba.com.br\/index.php\/wp-json\/wp\/v2\/media\/97530"}],"wp:attachment":[{"href":"https:\/\/iparaiba.com.br\/index.php\/wp-json\/wp\/v2\/media?parent=135968"}],"wp:term":[{"taxonomy":"category","embeddable":true,"href":"https:\/\/iparaiba.com.br\/index.php\/wp-json\/wp\/v2\/categories?post=135968"},{"taxonomy":"post_tag","embeddable":true,"href":"https:\/\/iparaiba.com.br\/index.php\/wp-json\/wp\/v2\/tags?post=135968"}],"curies":[{"name":"wp","href":"https:\/\/api.w.org\/{rel}","templated":true}]}}