{"id":135967,"date":"2025-09-19T08:10:40","date_gmt":"2025-09-19T11:10:40","guid":{"rendered":"https:\/\/onordeste.com.br\/?p=135958"},"modified":"2025-09-19T08:10:40","modified_gmt":"2025-09-19T11:10:40","slug":"empresas-afetadas-pelo-tarifaco-ja-podem-pedir-recursos-do-plano-brasil-soberano","status":"publish","type":"post","link":"https:\/\/iparaiba.com.br\/index.php\/2025\/09\/19\/empresas-afetadas-pelo-tarifaco-ja-podem-pedir-recursos-do-plano-brasil-soberano\/","title":{"rendered":"Empresas afetadas pelo tarifa\u00e7o j\u00e1 podem pedir recursos do Plano Brasil Soberano"},"content":{"rendered":"<p>O Governo do Brasil entrou em uma nova fase na implementa\u00e7\u00e3o do\u00a0<strong><a href=\"https:\/\/www.gov.br\/planalto\/pt-br\/vice-presidencia\/central-de-conteudo\/noticias\/plano-brasil-soberano-tem-r-30-bi-de-creditos-e-outras-medidas-para-proteger-empresas-e-trabalhadores\">Plano Brasil Soberano\u00a0<\/a><\/strong>, criado para mitigar os efeitos das tarifas unilaterais de 50% impostas pelos Estados Unidos \u00e0s exporta\u00e7\u00f5es brasileiras. O Banco Nacional de Desenvolvimento Econ\u00f4mico e Social (BNDES) abriu, nesta quinta-feira, 18 de setembro, o protocolo para que empresas impactadas pelas medidas tarif\u00e1rias possam solicitar o cr\u00e9dito do plano.<\/p>\n<blockquote><p>A contrapartida \u00e9 manter os empregos para a economia continuar crescendo e o pa\u00eds n\u00e3o ser prejudicado por essas medidas autorit\u00e1rias, unilaterais e injustificadas&#8221;, afirma\u00a0Aloizio Mercadante,\u00a0presidente do BNDES<em>.<\/em><\/p><\/blockquote>\n<p dir=\"ltr\">O primeiro passo para solicitar acesso ao cr\u00e9dito \u00e9 verificar se a empresa \u00e9 eleg\u00edvel.\u00a0<a href=\"https:\/\/www.bndes.gov.br\/wps\/portal\/site\/home\/emergenciais\/brasil-soberano\/!ut\/p\/z1\/fY5Ba8JAEIXv-RW55BhmQ0rsVTwopbDYIiR7CZPNoNOanbi7FfHXm0pab17e9w7zDQ9MkqZJAvWEqczxRzAOz7zHyOLwCDU0pmoX2_Vqs3wp3vWHVqoqP_X2VRel3pXwdhcf_u-H50Y9G_P5P6Dhr9PJLMFYcZEuEerO9RRadiFy_LH3RZk6yECZGqjnHkOOo7DkNJDfk7OMHDLVeQx8zIN05NFJpqznSJ4l5OOUnq9oUWD8Ns0NzPl87w!!\/\" target=\"_blank\" rel=\"noopener\" data-linktype=\"external\" data-val=\"https:\/\/www.bndes.gov.br\/wps\/portal\/site\/home\/emergenciais\/brasil-soberano\/!ut\/p\/z1\/fY5Ba8JAEIXv-RW55BhmQ0rsVTwopbDYIiR7CZPNoNOanbi7FfHXm0pab17e9w7zDQ9MkqZJAvWEqczxRzAOz7zHyOLwCDU0pmoX2_Vqs3wp3vWHVqoqP_X2VRel3pXwdhcf_u-H50Y9G_P5P6Dhr9PJLMFYcZEuEerO9RRadiFy_LH3RZk6yECZGqjnHkOOo7DkNJDfk7OMHDLVeQx8zIN05NFJpqznSJ4l5OOUnq9oUWD8Ns0NzPl87w!!\/\">A consulta pode ser feita por uma p\u00e1gina criada no portal do BNDES\u00a0<\/a>.<\/p>\n<p dir=\"ltr\">Os interessados precisam se autenticar utilizando a plataforma GOV.BR, exclusivamente por meio do certificado digital da empresa. Ap\u00f3s a autentica\u00e7\u00e3o, o sistema informa se a empresa \u00e9 eleg\u00edvel e quais solu\u00e7\u00f5es do Plano Brasil Soberano podem ser solicitadas.<\/p>\n<p dir=\"ltr\"><strong><a href=\"https:\/\/youtube.com\/shorts\/_ZM2d6VP_Tg?si=PqBH-nmMXmccoFn8\">\u00bb Confira v\u00eddeo com um passo a passo<\/a><\/strong><\/p>\n<p dir=\"ltr\">Com essas informa\u00e7\u00f5es, a recomenda\u00e7\u00e3o \u00e9 que a empresa entre em contato com o banco com o qual j\u00e1 tem relacionamento. No caso das grandes empresas, tamb\u00e9m \u00e9 poss\u00edvel fazer diretamente com o BNDES.<\/p>\n<p dir=\"ltr\">\u201cO BNDES vai socorrer as empresas e a contrapartida \u00e9 manter os empregos para a economia continuar crescendo e o pa\u00eds n\u00e3o ser prejudicado por essas medidas autorit\u00e1rias, unilaterais e injustificadas. O governo do presidente Lula busca a negocia\u00e7\u00e3o e n\u00e3o vai deixar ningu\u00e9m para tr\u00e1s\u201d, afirmou o presidente do BNDES, Aloizio Mercadante.<\/p>\n<p dir=\"ltr\"><strong>40 bilh\u00f5es\u00a0<\/strong>&#8211; Ao todo, est\u00e3o dispon\u00edveis R$ 40 bilh\u00f5es,\u00a0<strong>sendo R$ 30 bilh\u00f5es com recursos do Fundo Garantidor de Exporta\u00e7\u00f5es (FGE)\u00a0<\/strong>e R$ 10 bilh\u00f5es do banco. Os recursos v\u00e3o financiar capital de giro e investimentos em adapta\u00e7\u00e3o da atividade produtiva, aquisi\u00e7\u00e3o de m\u00e1quinas e equipamentos e busca de novos mercados.<\/p>\n<p dir=\"ltr\"><strong>Quem pode no FGE\u00a0<\/strong>&#8211; T\u00eam direito aos recursos do FGE pessoas jur\u00eddicas de todos os portes cujo faturamento com exporta\u00e7\u00f5es aos Estados Unidos de bens impactados por tarifas adicionais e\u00a0<strong><a href=\"https:\/\/www.gov.br\/mdic\/pt-br\/centrais-de-conteudo\/publicacoes\/brasil-soberano\">constantes da\u202ftabela de produtos\u202fpublicada pelo Minist\u00e9rio do Desenvolvimento, Ind\u00fastria, Com\u00e9rcio e Servi\u00e7os\u00a0<\/a><\/strong>, no per\u00edodo de julho de 2024 a junho de 2025, seja superior ou igual a 5% do seu faturamento bruto total apurado no mesmo per\u00edodo.<\/p>\n","protected":false},"excerpt":{"rendered":"<p>O Governo do Brasil entrou em uma nova fase na implementa\u00e7\u00e3o do\u00a0Plano Brasil Soberano\u00a0, criado para mitigar os efeitos das tarifas unilaterais de 50% impostas pelos Estados Unidos \u00e0s exporta\u00e7\u00f5es brasileiras. O Banco Nacional de Desenvolvimento Econ\u00f4mico e Social (BNDES) abriu, nesta quinta-feira, 18 de setembro, o protocolo para que empresas impactadas pelas medidas tarif\u00e1rias &hellip;<\/p>\n","protected":false},"author":1,"featured_media":134170,"comment_status":"open","ping_status":"open","sticky":false,"template":"","format":"standard","meta":{"footnotes":""},"categories":[10],"tags":[],"class_list":["post-135967","post","type-post","status-publish","format-standard","has-post-thumbnail","hentry","category-manchetes"],"_links":{"self":[{"href":"https:\/\/iparaiba.com.br\/index.php\/wp-json\/wp\/v2\/posts\/135967","targetHints":{"allow":["GET"]}}],"collection":[{"href":"https:\/\/iparaiba.com.br\/index.php\/wp-json\/wp\/v2\/posts"}],"about":[{"href":"https:\/\/iparaiba.com.br\/index.php\/wp-json\/wp\/v2\/types\/post"}],"author":[{"embeddable":true,"href":"https:\/\/iparaiba.com.br\/index.php\/wp-json\/wp\/v2\/users\/1"}],"replies":[{"embeddable":true,"href":"https:\/\/iparaiba.com.br\/index.php\/wp-json\/wp\/v2\/comments?post=135967"}],"version-history":[{"count":1,"href":"https:\/\/iparaiba.com.br\/index.php\/wp-json\/wp\/v2\/posts\/135967\/revisions"}],"predecessor-version":[{"id":135979,"href":"https:\/\/iparaiba.com.br\/index.php\/wp-json\/wp\/v2\/posts\/135967\/revisions\/135979"}],"wp:featuredmedia":[{"embeddable":true,"href":"https:\/\/iparaiba.com.br\/index.php\/wp-json\/wp\/v2\/media\/134170"}],"wp:attachment":[{"href":"https:\/\/iparaiba.com.br\/index.php\/wp-json\/wp\/v2\/media?parent=135967"}],"wp:term":[{"taxonomy":"category","embeddable":true,"href":"https:\/\/iparaiba.com.br\/index.php\/wp-json\/wp\/v2\/categories?post=135967"},{"taxonomy":"post_tag","embeddable":true,"href":"https:\/\/iparaiba.com.br\/index.php\/wp-json\/wp\/v2\/tags?post=135967"}],"curies":[{"name":"wp","href":"https:\/\/api.w.org\/{rel}","templated":true}]}}