{"id":135966,"date":"2025-09-19T06:08:09","date_gmt":"2025-09-19T09:08:09","guid":{"rendered":"https:\/\/onordeste.com.br\/?p=135956"},"modified":"2025-09-19T06:08:09","modified_gmt":"2025-09-19T09:08:09","slug":"brasil-registra-o-menor-deficit-habitacional","status":"publish","type":"post","link":"https:\/\/iparaiba.com.br\/index.php\/2025\/09\/19\/brasil-registra-o-menor-deficit-habitacional\/","title":{"rendered":"Brasil registra o menor d\u00e9ficit habitacional"},"content":{"rendered":"<p><span class=\"cf0\">A quantidade de fam\u00edlias sem um im\u00f3vel pr\u00f3prio para morar frente ao total de moradias existentes no Brasil caiu para o menor patamar da hist\u00f3ria, em 2023. O chamado d\u00e9ficit habitacional relativo passou de 10,2% para 7,6% entre 2009, ano da cria\u00e7\u00e3o do programa Minha Casa Minha Vida (MCMV), e 2023, quando essa pol\u00edtica habitacional foi retomada.<\/span><\/p>\n<p><span class=\"cf0\">Os dados s\u00e3o da Funda\u00e7\u00e3o Jo\u00e3o Pinheiro (FJP), que produziu pesquisa recente para o Minist\u00e9rio das Cidades. Os n\u00fameros refletem apenas o in\u00edcio das entregas realizadas desde 2023, no \u00e2mbito na retomada do MCMV e que superam o total de\u00a0<strong>1,7 milh\u00e3o unidades\u00a0<\/strong>contratadas, refor\u00e7ando o acerto da pol\u00edtica habitacional da gest\u00e3o atual.<\/span><\/p>\n<p><span class=\"cf0\">A pesquisa produzida pela FJP, sobre o d\u00e9ficit habitacional de 2023, servir\u00e1 de base para o aprimoramento de pol\u00edticas habitacionais do Minist\u00e9rio que tem no MCMV um importante pilar.<\/span><\/p>\n<p><span class=\"cf0\">Ap\u00f3s ser descontinuado no governo anterior e retomado, no in\u00edcio de 2023, o Minha Casa, Minha Vida trouxe avan\u00e7os significativos para transformar a realidade de milhares de fam\u00edlias brasileiras.<\/span><\/p>\n<p><span class=\"cf0\">Entre eles est\u00e3o retomada das contrata\u00e7\u00f5es de moradias populares, redu\u00e7\u00e3o de taxas de juros para n\u00edveis mais acess\u00edveis ao p\u00fablico-alvo do programa, aumento dos descontos e a extens\u00e3o dos prazos de financiamento, o que facilitou a ades\u00e3o para muitas pessoas.<\/span><\/p>\n<p><span class=\"cf0\">O resultado positivo que j\u00e1 come\u00e7a a se confirmar no levantamento indica, tamb\u00e9m, que os esfor\u00e7os precisam continuar e, sobretudo, que \u00e9 necess\u00e1rio contar\u00a0<\/span><\/p>\n","protected":false},"excerpt":{"rendered":"<p>A quantidade de fam\u00edlias sem um im\u00f3vel pr\u00f3prio para morar frente ao total de moradias existentes no Brasil caiu para o menor patamar da hist\u00f3ria, em 2023. O chamado d\u00e9ficit habitacional relativo passou de 10,2% para 7,6% entre 2009, ano da cria\u00e7\u00e3o do programa Minha Casa Minha Vida (MCMV), e 2023, quando essa pol\u00edtica habitacional &hellip;<\/p>\n","protected":false},"author":1,"featured_media":97486,"comment_status":"open","ping_status":"open","sticky":false,"template":"","format":"standard","meta":{"footnotes":""},"categories":[3],"tags":[],"class_list":["post-135966","post","type-post","status-publish","format-standard","has-post-thumbnail","hentry","category-nordeste"],"_links":{"self":[{"href":"https:\/\/iparaiba.com.br\/index.php\/wp-json\/wp\/v2\/posts\/135966","targetHints":{"allow":["GET"]}}],"collection":[{"href":"https:\/\/iparaiba.com.br\/index.php\/wp-json\/wp\/v2\/posts"}],"about":[{"href":"https:\/\/iparaiba.com.br\/index.php\/wp-json\/wp\/v2\/types\/post"}],"author":[{"embeddable":true,"href":"https:\/\/iparaiba.com.br\/index.php\/wp-json\/wp\/v2\/users\/1"}],"replies":[{"embeddable":true,"href":"https:\/\/iparaiba.com.br\/index.php\/wp-json\/wp\/v2\/comments?post=135966"}],"version-history":[{"count":1,"href":"https:\/\/iparaiba.com.br\/index.php\/wp-json\/wp\/v2\/posts\/135966\/revisions"}],"predecessor-version":[{"id":135978,"href":"https:\/\/iparaiba.com.br\/index.php\/wp-json\/wp\/v2\/posts\/135966\/revisions\/135978"}],"wp:featuredmedia":[{"embeddable":true,"href":"https:\/\/iparaiba.com.br\/index.php\/wp-json\/wp\/v2\/media\/97486"}],"wp:attachment":[{"href":"https:\/\/iparaiba.com.br\/index.php\/wp-json\/wp\/v2\/media?parent=135966"}],"wp:term":[{"taxonomy":"category","embeddable":true,"href":"https:\/\/iparaiba.com.br\/index.php\/wp-json\/wp\/v2\/categories?post=135966"},{"taxonomy":"post_tag","embeddable":true,"href":"https:\/\/iparaiba.com.br\/index.php\/wp-json\/wp\/v2\/tags?post=135966"}],"curies":[{"name":"wp","href":"https:\/\/api.w.org\/{rel}","templated":true}]}}