{"id":135945,"date":"2025-09-15T08:05:07","date_gmt":"2025-09-15T11:05:07","guid":{"rendered":"https:\/\/onordeste.com.br\/?p=135904"},"modified":"2025-09-15T08:05:07","modified_gmt":"2025-09-15T11:05:07","slug":"procon-municipal-leva-orientacao-e-fiscalizacao-ao-circuito-comunidade","status":"publish","type":"post","link":"https:\/\/iparaiba.com.br\/index.php\/2025\/09\/15\/procon-municipal-leva-orientacao-e-fiscalizacao-ao-circuito-comunidade\/","title":{"rendered":"Procon Municipal leva orienta\u00e7\u00e3o e fiscaliza\u00e7\u00e3o ao Circuito Comunidade"},"content":{"rendered":"<p>O Procon Municipal vai participar da pr\u00f3xima edi\u00e7\u00e3o do Circuito Comunidade, promovido pela TV Para\u00edba, no bairro das Malvinas, na rua Jamila Abra\u00e3o Jorge. Durante todo o evento, das 8h \u00e0s 13h, a popula\u00e7\u00e3o poder\u00e1 contar com uma s\u00e9rie de servi\u00e7os gratuitos, pensados para garantir mais cidadania e facilitar a resolu\u00e7\u00e3o de pend\u00eancias do dia a dia.<\/p>\n<p>No local, o Procon estar\u00e1 oferecendo atendimento jur\u00eddico, fiscaliza\u00e7\u00e3o preventiva e suporte direto nas demandas de consumo. Um dos destaques ser\u00e1 a oportunidade de negocia\u00e7\u00e3o de d\u00e9bitos junto \u00e0 Cagepa, permitindo que os moradores regularizem sua situa\u00e7\u00e3o de forma mais acess\u00edvel. Tamb\u00e9m haver\u00e1 distribui\u00e7\u00e3o de material educativo e exemplares do C\u00f3digo de Defesa do Consumidor, incentivando a conscientiza\u00e7\u00e3o sobre os direitos da popula\u00e7\u00e3o.<\/p>\n<p>De acordo com o coordenador do Procon Municipal, Waldeny Santana, a a\u00e7\u00e3o refor\u00e7a o compromisso de estar cada vez mais pr\u00f3ximo da comunidade.<br \/>\n\u201cLevar o Procon para as ruas \u00e9 aproximar os servi\u00e7os de quem mais precisa. Muitas vezes, o consumidor n\u00e3o consegue se deslocar at\u00e9 a nossa sede, e esse tipo de evento nos permite oferecer o mesmo suporte, mas de maneira descentralizada. \u00c9 orienta\u00e7\u00e3o, fiscaliza\u00e7\u00e3o e defesa do consumidor chegando at\u00e9 as pessoas\u201d, destacou.<\/p>\n","protected":false},"excerpt":{"rendered":"<p>O Procon Municipal vai participar da pr\u00f3xima edi\u00e7\u00e3o do Circuito Comunidade, promovido pela TV Para\u00edba, no bairro das Malvinas, na rua Jamila Abra\u00e3o Jorge. Durante todo o evento, das 8h \u00e0s 13h, a popula\u00e7\u00e3o poder\u00e1 contar com uma s\u00e9rie de servi\u00e7os gratuitos, pensados para garantir mais cidadania e facilitar a resolu\u00e7\u00e3o de pend\u00eancias do dia &hellip;<\/p>\n","protected":false},"author":1,"featured_media":108261,"comment_status":"open","ping_status":"open","sticky":false,"template":"","format":"standard","meta":{"footnotes":""},"categories":[6],"tags":[],"class_list":["post-135945","post","type-post","status-publish","format-standard","has-post-thumbnail","hentry","category-destaques"],"_links":{"self":[{"href":"https:\/\/iparaiba.com.br\/index.php\/wp-json\/wp\/v2\/posts\/135945","targetHints":{"allow":["GET"]}}],"collection":[{"href":"https:\/\/iparaiba.com.br\/index.php\/wp-json\/wp\/v2\/posts"}],"about":[{"href":"https:\/\/iparaiba.com.br\/index.php\/wp-json\/wp\/v2\/types\/post"}],"author":[{"embeddable":true,"href":"https:\/\/iparaiba.com.br\/index.php\/wp-json\/wp\/v2\/users\/1"}],"replies":[{"embeddable":true,"href":"https:\/\/iparaiba.com.br\/index.php\/wp-json\/wp\/v2\/comments?post=135945"}],"version-history":[{"count":0,"href":"https:\/\/iparaiba.com.br\/index.php\/wp-json\/wp\/v2\/posts\/135945\/revisions"}],"wp:featuredmedia":[{"embeddable":true,"href":"https:\/\/iparaiba.com.br\/index.php\/wp-json\/wp\/v2\/media\/108261"}],"wp:attachment":[{"href":"https:\/\/iparaiba.com.br\/index.php\/wp-json\/wp\/v2\/media?parent=135945"}],"wp:term":[{"taxonomy":"category","embeddable":true,"href":"https:\/\/iparaiba.com.br\/index.php\/wp-json\/wp\/v2\/categories?post=135945"},{"taxonomy":"post_tag","embeddable":true,"href":"https:\/\/iparaiba.com.br\/index.php\/wp-json\/wp\/v2\/tags?post=135945"}],"curies":[{"name":"wp","href":"https:\/\/api.w.org\/{rel}","templated":true}]}}