{"id":135942,"date":"2025-09-15T08:01:18","date_gmt":"2025-09-15T11:01:18","guid":{"rendered":"https:\/\/onordeste.com.br\/?p=135898"},"modified":"2025-09-15T08:01:18","modified_gmt":"2025-09-15T11:01:18","slug":"procon-realiza-acao-educativa","status":"publish","type":"post","link":"https:\/\/iparaiba.com.br\/index.php\/2025\/09\/15\/procon-realiza-acao-educativa\/","title":{"rendered":"Procon realiza a\u00e7\u00e3o educativa"},"content":{"rendered":"<div id=\":me\" class=\"ii gt\">\n<div id=\":mf\" class=\"a3s aiL \">\n<div dir=\"ltr\">O Procon Municipal de Campina Grande iniciou, nesta semana, mais uma a\u00e7\u00e3o educativa voltada para o fortalecimento das rela\u00e7\u00f5es de consumo e para a promo\u00e7\u00e3o da cidadania. As equipes do \u00f3rg\u00e3o est\u00e3o realizando a entrega de panfletos informativos nas principais ruas do com\u00e9rcio da cidade e tamb\u00e9m na Feira Central, com orienta\u00e7\u00f5es importantes para consumidores e fornecedores.<\/p>\n<p>Entre os materiais distribu\u00eddos est\u00e3o os panfletos \u201cO que s\u00e3o Procons\u201d, que explicam de forma simples e objetiva o papel dos \u00f3rg\u00e3os de defesa do consumidor, as compet\u00eancias e deveres do Procon, al\u00e9m de conceitos fundamentais como rela\u00e7\u00f5es de consumo e vulnerabilidade do consumidor. O objetivo \u00e9 ampliar o conhecimento da popula\u00e7\u00e3o sobre seus direitos e deveres, fortalecendo a pr\u00e1tica de um consumo mais consciente e equilibrado.<\/p>\n<p>Outro destaque da a\u00e7\u00e3o \u00e9 o panfleto sobre o programa Farm\u00e1cia Popular, que orienta a popula\u00e7\u00e3o sobre como ter acesso ao programa, quais os medicamentos e insumos ofertados gratuitamente e quais est\u00e3o dispon\u00edveis com descontos significativos. A medida busca garantir que mais cidad\u00e3os possam usufruir desse benef\u00edcio de sa\u00fade p\u00fablica.<\/p>\n<p>De acordo com o coordenador do Procon Municipal, Waldeny Santana, as a\u00e7\u00f5es educativas s\u00e3o um instrumento fundamental para aproximar o Procon da popula\u00e7\u00e3o. \u201cNosso trabalho n\u00e3o se limita \u00e0 fiscaliza\u00e7\u00e3o ou ao atendimento de reclama\u00e7\u00f5es. Queremos que o consumidor esteja bem informado, conhe\u00e7a seus direitos e saiba como acess\u00e1-los. Esse \u00e9 um passo importante para reduzir conflitos e promover equil\u00edbrio nas rela\u00e7\u00f5es de consumo\u201d, destacou.<\/p>\n<p>O Procon de Campina Grande refor\u00e7a ainda que, al\u00e9m das a\u00e7\u00f5es presenciais, os consumidores podem registrar reclama\u00e7\u00f5es e tirar d\u00favidas diretamente pelos canais oficiais: Disque Procon 151, WhatsApp (83) 98185-8168, telefone (83) 98186-3609 ou presencialmente, de segunda a sexta-feira, das 8h \u00e0s 18h, na sede do \u00f3rg\u00e3o, localizada na Rua Prefeito Ernani Lauritzen, no centro da cidade.<\/p><\/div>\n<div class=\"yj6qo\"><\/div>\n<div class=\"adL\"><\/div>\n<\/div>\n<\/div>\n<div id=\":lz\" class=\"hq gt\"><\/div>\n","protected":false},"excerpt":{"rendered":"<p>O Procon Municipal de Campina Grande iniciou, nesta semana, mais uma a\u00e7\u00e3o educativa voltada para o fortalecimento das rela\u00e7\u00f5es de consumo e para a promo\u00e7\u00e3o da cidadania. As equipes do \u00f3rg\u00e3o est\u00e3o realizando a entrega de panfletos informativos nas principais ruas do com\u00e9rcio da cidade e tamb\u00e9m na Feira Central, com orienta\u00e7\u00f5es importantes para consumidores &hellip;<\/p>\n","protected":false},"author":1,"featured_media":115390,"comment_status":"open","ping_status":"open","sticky":false,"template":"","format":"standard","meta":{"footnotes":""},"categories":[15],"tags":[],"class_list":["post-135942","post","type-post","status-publish","format-standard","has-post-thumbnail","hentry","category-links"],"_links":{"self":[{"href":"https:\/\/iparaiba.com.br\/index.php\/wp-json\/wp\/v2\/posts\/135942","targetHints":{"allow":["GET"]}}],"collection":[{"href":"https:\/\/iparaiba.com.br\/index.php\/wp-json\/wp\/v2\/posts"}],"about":[{"href":"https:\/\/iparaiba.com.br\/index.php\/wp-json\/wp\/v2\/types\/post"}],"author":[{"embeddable":true,"href":"https:\/\/iparaiba.com.br\/index.php\/wp-json\/wp\/v2\/users\/1"}],"replies":[{"embeddable":true,"href":"https:\/\/iparaiba.com.br\/index.php\/wp-json\/wp\/v2\/comments?post=135942"}],"version-history":[{"count":0,"href":"https:\/\/iparaiba.com.br\/index.php\/wp-json\/wp\/v2\/posts\/135942\/revisions"}],"wp:featuredmedia":[{"embeddable":true,"href":"https:\/\/iparaiba.com.br\/index.php\/wp-json\/wp\/v2\/media\/115390"}],"wp:attachment":[{"href":"https:\/\/iparaiba.com.br\/index.php\/wp-json\/wp\/v2\/media?parent=135942"}],"wp:term":[{"taxonomy":"category","embeddable":true,"href":"https:\/\/iparaiba.com.br\/index.php\/wp-json\/wp\/v2\/categories?post=135942"},{"taxonomy":"post_tag","embeddable":true,"href":"https:\/\/iparaiba.com.br\/index.php\/wp-json\/wp\/v2\/tags?post=135942"}],"curies":[{"name":"wp","href":"https:\/\/api.w.org\/{rel}","templated":true}]}}