{"id":135941,"date":"2025-09-15T08:00:26","date_gmt":"2025-09-15T11:00:26","guid":{"rendered":"https:\/\/onordeste.com.br\/?p=135896"},"modified":"2025-09-15T08:00:26","modified_gmt":"2025-09-15T11:00:26","slug":"135896-2","status":"publish","type":"post","link":"https:\/\/iparaiba.com.br\/index.php\/2025\/09\/15\/135896-2\/","title":{"rendered":""},"content":{"rendered":"<p>A Assembleia Legislativa da Para\u00edba (ALPB) premiou durante a Funetec 2025, os munic\u00edpios paraibanos que alcan\u00e7aram os melhores \u00edndices de Desenvolvimento Sustent\u00e1vel (IDS) em suas regi\u00f5es. A premia\u00e7\u00e3o, que reconheceu 42 gestores municipais, \u00e9 um reflexo do compromisso do estado com as metas estabelecidas pela Organiza\u00e7\u00e3o das Na\u00e7\u00f5es Unidas (ONU) para um futuro mais sustent\u00e1vel.<\/p>\n<p>Os munic\u00edpios agraciados, que se destacaram em seus indicadores monitorados pela Plataforma de Territorializa\u00e7\u00e3o dos Objetivos do Desenvolvimento Sustent\u00e1vel na Para\u00edba (ODS-PB), receberam a Comenda Munic\u00edpio Sustent\u00e1vel e o Selo Munic\u00edpio Sustent\u00e1vel das m\u00e3os do presidente da ALPB, deputado Adriano Galdino. Entre as cidades premiadas est\u00e3o Jo\u00e3o Pessoa, Solanea, Lucena, Sap\u00e9, Olivedos, Pedra Lavrada, Gurj\u00e3o, S\u00e3o Jos\u00e9 do Sabugi, Pedra Branca, S\u00e3o Jo\u00e3o do Rio do Peixe, Vieirop\u00f3lis, Mana\u00edra, Pedras de Fogo, Aparecida e Pombal.<\/p>\n","protected":false},"excerpt":{"rendered":"<p>A Assembleia Legislativa da Para\u00edba (ALPB) premiou durante a Funetec 2025, os munic\u00edpios paraibanos que alcan\u00e7aram os melhores \u00edndices de Desenvolvimento Sustent\u00e1vel (IDS) em suas regi\u00f5es. A premia\u00e7\u00e3o, que reconheceu 42 gestores municipais, \u00e9 um reflexo do compromisso do estado com as metas estabelecidas pela Organiza\u00e7\u00e3o das Na\u00e7\u00f5es Unidas (ONU) para um futuro mais sustent\u00e1vel. &hellip;<\/p>\n","protected":false},"author":1,"featured_media":108495,"comment_status":"open","ping_status":"open","sticky":false,"template":"","format":"standard","meta":{"footnotes":""},"categories":[3],"tags":[],"class_list":["post-135941","post","type-post","status-publish","format-standard","has-post-thumbnail","hentry","category-nordeste"],"_links":{"self":[{"href":"https:\/\/iparaiba.com.br\/index.php\/wp-json\/wp\/v2\/posts\/135941","targetHints":{"allow":["GET"]}}],"collection":[{"href":"https:\/\/iparaiba.com.br\/index.php\/wp-json\/wp\/v2\/posts"}],"about":[{"href":"https:\/\/iparaiba.com.br\/index.php\/wp-json\/wp\/v2\/types\/post"}],"author":[{"embeddable":true,"href":"https:\/\/iparaiba.com.br\/index.php\/wp-json\/wp\/v2\/users\/1"}],"replies":[{"embeddable":true,"href":"https:\/\/iparaiba.com.br\/index.php\/wp-json\/wp\/v2\/comments?post=135941"}],"version-history":[{"count":0,"href":"https:\/\/iparaiba.com.br\/index.php\/wp-json\/wp\/v2\/posts\/135941\/revisions"}],"wp:featuredmedia":[{"embeddable":true,"href":"https:\/\/iparaiba.com.br\/index.php\/wp-json\/wp\/v2\/media\/108495"}],"wp:attachment":[{"href":"https:\/\/iparaiba.com.br\/index.php\/wp-json\/wp\/v2\/media?parent=135941"}],"wp:term":[{"taxonomy":"category","embeddable":true,"href":"https:\/\/iparaiba.com.br\/index.php\/wp-json\/wp\/v2\/categories?post=135941"},{"taxonomy":"post_tag","embeddable":true,"href":"https:\/\/iparaiba.com.br\/index.php\/wp-json\/wp\/v2\/tags?post=135941"}],"curies":[{"name":"wp","href":"https:\/\/api.w.org\/{rel}","templated":true}]}}