{"id":135938,"date":"2025-09-17T16:00:44","date_gmt":"2025-09-17T19:00:44","guid":{"rendered":"https:\/\/onordeste.com.br\/?p=135938"},"modified":"2025-09-17T16:00:44","modified_gmt":"2025-09-17T19:00:44","slug":"condenacao-de-ex-presidente-jair-bolsonaro-e-destaque-no-supremo","status":"publish","type":"post","link":"https:\/\/iparaiba.com.br\/index.php\/2025\/09\/17\/condenacao-de-ex-presidente-jair-bolsonaro-e-destaque-no-supremo\/","title":{"rendered":"Condena\u00e7\u00e3o de ex-presidente Jair Bolsonaro \u00e9 destaque no Supremo"},"content":{"rendered":"<p>A condena\u00e7\u00e3o do ex-presidente Jair Bolsonaro e sete autoridades de seu governo pela tentativa de golpe de Estado \u00e9 o destaque desta edi\u00e7\u00e3o do podcast Supremo na Semana. O julgamento, realizado pela Primeira Turma do STF, foi conclu\u00eddo na \u00faltima quinta-feira (11) com a condena\u00e7\u00e3o do ex-presidente a uma pena de 27 anos e tr\u00eas meses de pris\u00e3o, em regime inicial fechado.<\/p>\n<p>Clique\u00a0<a href=\"https:\/\/open.spotify.com\/show\/6KlYf9BKn4YNKsjDZ8eJKP#login\" target=\"_blank\" rel=\"noreferrer noopener\">aqui para ouvir<\/a>\u00a0e\u00a0<a href=\"https:\/\/www.youtube.com\/playlist?list=PLippyY19Z47uVfUBc_DlZrQpnnqmnPkT0\" target=\"_blank\" rel=\"noreferrer noopener\">aqui para assistir<\/a>.<\/p>\n<p>No epis\u00f3dio, s\u00e3o comentados os principais pontos do julgamento, incluindo os crimes pelos quais os oito r\u00e9us foram condenados, os argumentos dos votos e as penas definidas para cada condenado.<\/p>\n<p>O epis\u00f3dio #163 \u00e9 apresentado por Mauro Burlamaqui e conta com coment\u00e1rios de Lucas Mendes, ambos jornalistas da Secretaria de Comunica\u00e7\u00e3o Social do STF.<\/p>\n<p>STF<\/p>\n","protected":false},"excerpt":{"rendered":"<p>A condena\u00e7\u00e3o do ex-presidente Jair Bolsonaro e sete autoridades de seu governo pela tentativa de golpe de Estado \u00e9 o destaque desta edi\u00e7\u00e3o do podcast Supremo na Semana. O julgamento, realizado pela Primeira Turma do STF, foi conclu\u00eddo na \u00faltima quinta-feira (11) com a condena\u00e7\u00e3o do ex-presidente a uma pena de 27 anos e tr\u00eas &hellip;<\/p>\n","protected":false},"author":1,"featured_media":98393,"comment_status":"open","ping_status":"open","sticky":false,"template":"","format":"standard","meta":{"footnotes":""},"categories":[10],"tags":[],"class_list":["post-135938","post","type-post","status-publish","format-standard","has-post-thumbnail","hentry","category-manchetes"],"_links":{"self":[{"href":"https:\/\/iparaiba.com.br\/index.php\/wp-json\/wp\/v2\/posts\/135938","targetHints":{"allow":["GET"]}}],"collection":[{"href":"https:\/\/iparaiba.com.br\/index.php\/wp-json\/wp\/v2\/posts"}],"about":[{"href":"https:\/\/iparaiba.com.br\/index.php\/wp-json\/wp\/v2\/types\/post"}],"author":[{"embeddable":true,"href":"https:\/\/iparaiba.com.br\/index.php\/wp-json\/wp\/v2\/users\/1"}],"replies":[{"embeddable":true,"href":"https:\/\/iparaiba.com.br\/index.php\/wp-json\/wp\/v2\/comments?post=135938"}],"version-history":[{"count":1,"href":"https:\/\/iparaiba.com.br\/index.php\/wp-json\/wp\/v2\/posts\/135938\/revisions"}],"predecessor-version":[{"id":135962,"href":"https:\/\/iparaiba.com.br\/index.php\/wp-json\/wp\/v2\/posts\/135938\/revisions\/135962"}],"wp:featuredmedia":[{"embeddable":true,"href":"https:\/\/iparaiba.com.br\/index.php\/wp-json\/wp\/v2\/media\/98393"}],"wp:attachment":[{"href":"https:\/\/iparaiba.com.br\/index.php\/wp-json\/wp\/v2\/media?parent=135938"}],"wp:term":[{"taxonomy":"category","embeddable":true,"href":"https:\/\/iparaiba.com.br\/index.php\/wp-json\/wp\/v2\/categories?post=135938"},{"taxonomy":"post_tag","embeddable":true,"href":"https:\/\/iparaiba.com.br\/index.php\/wp-json\/wp\/v2\/tags?post=135938"}],"curies":[{"name":"wp","href":"https:\/\/api.w.org\/{rel}","templated":true}]}}