{"id":135935,"date":"2025-09-17T12:00:38","date_gmt":"2025-09-17T15:00:38","guid":{"rendered":"https:\/\/onordeste.com.br\/?p=135935"},"modified":"2025-09-17T12:00:38","modified_gmt":"2025-09-17T15:00:38","slug":"governo-federal-ja-devolveu-r-129-bilhao-a-aposentados-e-pensionistas","status":"publish","type":"post","link":"https:\/\/iparaiba.com.br\/index.php\/2025\/09\/17\/governo-federal-ja-devolveu-r-129-bilhao-a-aposentados-e-pensionistas\/","title":{"rendered":"Governo Federal j\u00e1 devolveu R$ 1,29 bilh\u00e3o a aposentados e pensionistas"},"content":{"rendered":"<p style=\"font-weight: 600;\">O Governo Federal j\u00e1 devolveu R$1,29 bilh\u00e3o a aposentados e pensionistas que tiveram descontos associativos indevidos em seus benef\u00edcios. Desde o in\u00edcio dos pagamentos, em 24 de julho, mais de 2,3 milh\u00f5es de pessoas aderiram ao acordo de ressarcimento, o que corresponde a cerca de sete em cada dez benefici\u00e1rios que est\u00e3o aptos a receber.<\/p>\n<p style=\"font-weight: 600;\">At\u00e9 a pr\u00f3xima segunda-feira (15), 99% dos que j\u00e1 assinaram o acordo ter\u00e3o recebido o dinheiro de volta, j\u00e1 que os pagamentos s\u00e3o feitos em\u00a0 at\u00e9 tr\u00eas dias \u00fateis ap\u00f3s a ades\u00e3o. Os valores s\u00e3o pagos de forma integral, com corre\u00e7\u00e3o pela infla\u00e7\u00e3o (IPCA), diretamente na conta onde o aposentado recebe o benef\u00edcio.<\/p>\n<p style=\"font-weight: 600;\">O prazo segue aberto para quem ainda n\u00e3o fez a ades\u00e3o. O procedimento \u00e9 gratuito, simples e n\u00e3o exige envio de documentos. \u201cEsse \u00e9 um compromisso de respeito com quem dedicou a vida inteira ao trabalho. O dinheiro de cada aposentado e pensionista voltar\u00e1 para sua conta com seguran\u00e7a, agilidade e transpar\u00eancia\u201d, afirmou o presidente do INSS, Gilberto Waller.<\/p>\n<h4 style=\"font-weight: 400;\">Quem pode aderir?<\/h4>\n<ul>\n<li style=\"font-weight: 600;\">Quem contestou descontos e n\u00e3o recebeu resposta da entidade em at\u00e9 15 dias \u00fateis;<\/li>\n<li style=\"font-weight: 600;\">Quem sofreu descontos entre mar\u00e7o de 2020 e mar\u00e7o de 2025;<\/li>\n<li style=\"font-weight: 600;\">Quem tem processo na Justi\u00e7a, desde que ainda n\u00e3o tenha recebido os valores (nesse caso, \u00e9 preciso desistir da a\u00e7\u00e3o).<\/li>\n<\/ul>\n<p style=\"font-weight: 600;\">O INSS pagar\u00e1 5% de honor\u00e1rios advocat\u00edcios em a\u00e7\u00f5es individuais propostas antes de 23 de abril de 2025.<\/p>\n<h4 style=\"font-weight: 400;\">Como funciona o processo de ades\u00e3o?<\/h4>\n<ol>\n<li style=\"font-weight: 600;\">Contestar o desconto indevido\u2013 \u00c9 o primeiro passo. A contesta\u00e7\u00e3o pode ser feita pelo aplicativo Meu INSS, Central 135 ou ag\u00eancias dos Correios.<\/li>\n<\/ol>\n<p style=\"font-weight: 600;\">2\u00a0.\u00a0Aguardar resposta da entidade\u00a0\u2013 Prazo de at\u00e9 15 dias \u00fateis.<\/p>\n<p style=\"font-weight: 600;\">3\u00a0.\u00a0Sem resposta da entidade? Op\u00e7\u00e3o liberada\u00a0\u2013 O sistema libera para ades\u00e3o ao acordo.<\/p>\n<p style=\"font-weight: 600;\">4\u00a0.\u00a0Aderir ao acordo\u00a0\u2013 Pelo aplicativo Meu INSS ou presencialmente nas Ag\u00eancias dos Correios.<\/p>\n<p style=\"font-weight: 600;\">\u2192\u00a0No aplicativo\u00a0Meu INSS\u00a0: acesse com CPF e senha, v\u00e1 em \u201cConsultar Pedidos\u201d \u2192 \u201cCumprir Exig\u00eancia\u201d, role at\u00e9 o \u00faltimo coment\u00e1rio, selecione \u201cSim\u201d em \u201cAceito receber\u201d e envie.<\/p>\n<p style=\"font-weight: 600;\">Importante:\u00a0N\u00e3o \u00e9 poss\u00edvel aderir ao acordo pela Central 135.<\/p>\n<h4 style=\"font-weight: 400;\">Prazo<\/h4>\n<p style=\"font-weight: 600;\">A contesta\u00e7\u00e3o de descontos pode ser feita at\u00e9, no m\u00ednimo,\u00a014 de novembro de 2025\u00a0, e a ades\u00e3o ao acordo continuar\u00e1 dispon\u00edvel mesmo depois dessa data.<\/p>\n<p style=\"font-weight: 600;\">Aten\u00e7\u00e3o: n\u00e3o caia em golpes!<\/p>\n<ul>\n<li style=\"font-weight: 600;\">O INSSn\u00e3o envia links, SMS ou mensagens pedindo dados pessoais;<\/li>\n<li style=\"font-weight: 600;\">N\u00e3o cobra taxas nem solicita intermedi\u00e1rios ;<\/li>\n<li style=\"font-weight: 600;\">Toda a comunica\u00e7\u00e3o \u00e9 feita apenas pelos canais oficiais: aplicativoMeu INSS\u00a0, site\u00a0<a href=\"http:\/\/gov.br\/inss\" data-tippreview-enabled=\"false\" data-tippreview-image=\"\" data-tippreview-title=\"\">gov.br\/inss\u00a0<\/a>, Central\u00a0135\u00a0e ag\u00eancias dos\u00a0Correios\u00a0.<\/li>\n<\/ul>\n<p><a style=\"font-weight: 500;\" href=\"https:\/\/www.gov.br\/inss\/pt-br\/governo-federal-ja-devolveu-r-1-29-bilhao-a-aposentados-e-pensionistas\">Link: https:\/\/www.gov.br\/inss\/pt-br\/governo-federal-ja-devolveu-r-1-29-bilhao-a-aposentados-e-pensionistas<\/a><\/p>\n","protected":false},"excerpt":{"rendered":"<p>O Governo Federal j\u00e1 devolveu R$1,29 bilh\u00e3o a aposentados e pensionistas que tiveram descontos associativos indevidos em seus benef\u00edcios. Desde o in\u00edcio dos pagamentos, em 24 de julho, mais de 2,3 milh\u00f5es de pessoas aderiram ao acordo de ressarcimento, o que corresponde a cerca de sete em cada dez benefici\u00e1rios que est\u00e3o aptos a receber. &hellip;<\/p>\n","protected":false},"author":1,"featured_media":97635,"comment_status":"open","ping_status":"open","sticky":false,"template":"","format":"standard","meta":{"footnotes":""},"categories":[18],"tags":[],"class_list":["post-135935","post","type-post","status-publish","format-standard","has-post-thumbnail","hentry","category-brasil"],"_links":{"self":[{"href":"https:\/\/iparaiba.com.br\/index.php\/wp-json\/wp\/v2\/posts\/135935","targetHints":{"allow":["GET"]}}],"collection":[{"href":"https:\/\/iparaiba.com.br\/index.php\/wp-json\/wp\/v2\/posts"}],"about":[{"href":"https:\/\/iparaiba.com.br\/index.php\/wp-json\/wp\/v2\/types\/post"}],"author":[{"embeddable":true,"href":"https:\/\/iparaiba.com.br\/index.php\/wp-json\/wp\/v2\/users\/1"}],"replies":[{"embeddable":true,"href":"https:\/\/iparaiba.com.br\/index.php\/wp-json\/wp\/v2\/comments?post=135935"}],"version-history":[{"count":1,"href":"https:\/\/iparaiba.com.br\/index.php\/wp-json\/wp\/v2\/posts\/135935\/revisions"}],"predecessor-version":[{"id":135961,"href":"https:\/\/iparaiba.com.br\/index.php\/wp-json\/wp\/v2\/posts\/135935\/revisions\/135961"}],"wp:featuredmedia":[{"embeddable":true,"href":"https:\/\/iparaiba.com.br\/index.php\/wp-json\/wp\/v2\/media\/97635"}],"wp:attachment":[{"href":"https:\/\/iparaiba.com.br\/index.php\/wp-json\/wp\/v2\/media?parent=135935"}],"wp:term":[{"taxonomy":"category","embeddable":true,"href":"https:\/\/iparaiba.com.br\/index.php\/wp-json\/wp\/v2\/categories?post=135935"},{"taxonomy":"post_tag","embeddable":true,"href":"https:\/\/iparaiba.com.br\/index.php\/wp-json\/wp\/v2\/tags?post=135935"}],"curies":[{"name":"wp","href":"https:\/\/api.w.org\/{rel}","templated":true}]}}