{"id":135933,"date":"2025-09-17T10:26:54","date_gmt":"2025-09-17T13:26:54","guid":{"rendered":"https:\/\/onordeste.com.br\/?p=135933"},"modified":"2025-09-17T10:26:54","modified_gmt":"2025-09-17T13:26:54","slug":"lula-lamenta-morte-do-musico-hermeto-pascoal","status":"publish","type":"post","link":"https:\/\/iparaiba.com.br\/index.php\/2025\/09\/17\/lula-lamenta-morte-do-musico-hermeto-pascoal\/","title":{"rendered":"Lula lamenta morte do m\u00fasico Hermeto Pascoal"},"content":{"rendered":"<p>O presidente Lula lamentou a morte do m\u00fasico Hermeto Pascoal. Ele faleceu neste s\u00e1bado (13\/9) aos 89 anos.\u00a0A causa da morte n\u00e3o foi divulgada. Hermeto estava internado em um hospital no Rio de Janeiro.<\/p>\n<p>Em nota, o presidente ressaltou &#8220;a m\u00fasica e a cultura brasileira devem muito a Hermeto Pascoal. O talento e a incans\u00e1vel criatividade deste alagoano de Arapiraca o consagraram internacionalmente, e influenciaram gera\u00e7\u00f5es de m\u00fasicos de todo o mundo&#8221;.<\/p>\n<p>Nascido em 1936, na pequena cidade de Lagoa da Canoa, interior de Alagoas, Hermeto Pascoal era autodidata. Come\u00e7ou a tocar acordeon e flauta ainda na inf\u00e2ncia, e aos 15 anos j\u00e1 atuava como m\u00fasico profissional, mudando-se com o irm\u00e3o para o Recife em busca de oportunidades.<\/p>\n<p>Considerado um g\u00eanio da m\u00fasica experimental, Hermeto ficou conhecido por transformar sons do cotidiano em arte \u2014 desde o barulho da \u00e1gua at\u00e9 o sopro do vento.<\/p>\n<p>Sua carreira atravessou fronteiras, com colabora\u00e7\u00f5es internacionais e reconhecimento mundial.\u00a0Ao longo da vida, recebeu diversos pr\u00eamios, entre eles o Grammy Latino, conquistado em tr\u00eas oportunidades.<\/p>\n","protected":false},"excerpt":{"rendered":"<p>O presidente Lula lamentou a morte do m\u00fasico Hermeto Pascoal. Ele faleceu neste s\u00e1bado (13\/9) aos 89 anos.\u00a0A causa da morte n\u00e3o foi divulgada. Hermeto estava internado em um hospital no Rio de Janeiro. Em nota, o presidente ressaltou &#8220;a m\u00fasica e a cultura brasileira devem muito a Hermeto Pascoal. O talento e a incans\u00e1vel &hellip;<\/p>\n","protected":false},"author":1,"featured_media":98405,"comment_status":"open","ping_status":"open","sticky":false,"template":"","format":"standard","meta":{"footnotes":""},"categories":[6],"tags":[],"class_list":["post-135933","post","type-post","status-publish","format-standard","has-post-thumbnail","hentry","category-destaques"],"_links":{"self":[{"href":"https:\/\/iparaiba.com.br\/index.php\/wp-json\/wp\/v2\/posts\/135933","targetHints":{"allow":["GET"]}}],"collection":[{"href":"https:\/\/iparaiba.com.br\/index.php\/wp-json\/wp\/v2\/posts"}],"about":[{"href":"https:\/\/iparaiba.com.br\/index.php\/wp-json\/wp\/v2\/types\/post"}],"author":[{"embeddable":true,"href":"https:\/\/iparaiba.com.br\/index.php\/wp-json\/wp\/v2\/users\/1"}],"replies":[{"embeddable":true,"href":"https:\/\/iparaiba.com.br\/index.php\/wp-json\/wp\/v2\/comments?post=135933"}],"version-history":[{"count":1,"href":"https:\/\/iparaiba.com.br\/index.php\/wp-json\/wp\/v2\/posts\/135933\/revisions"}],"predecessor-version":[{"id":135960,"href":"https:\/\/iparaiba.com.br\/index.php\/wp-json\/wp\/v2\/posts\/135933\/revisions\/135960"}],"wp:featuredmedia":[{"embeddable":true,"href":"https:\/\/iparaiba.com.br\/index.php\/wp-json\/wp\/v2\/media\/98405"}],"wp:attachment":[{"href":"https:\/\/iparaiba.com.br\/index.php\/wp-json\/wp\/v2\/media?parent=135933"}],"wp:term":[{"taxonomy":"category","embeddable":true,"href":"https:\/\/iparaiba.com.br\/index.php\/wp-json\/wp\/v2\/categories?post=135933"},{"taxonomy":"post_tag","embeddable":true,"href":"https:\/\/iparaiba.com.br\/index.php\/wp-json\/wp\/v2\/tags?post=135933"}],"curies":[{"name":"wp","href":"https:\/\/api.w.org\/{rel}","templated":true}]}}